{"id":689,"date":"2023-09-12T11:16:36","date_gmt":"2023-09-12T14:16:36","guid":{"rendered":"https:\/\/vecinosdelinterior.com\/?p=689"},"modified":"2023-09-12T11:16:37","modified_gmt":"2023-09-12T14:16:37","slug":"incendio-en-san-francisco","status":"publish","type":"post","link":"https:\/\/vecinosdelinterior.com\/index.php\/2023\/09\/12\/incendio-en-san-francisco\/","title":{"rendered":"INCENDIO EN SAN FRANCISCO"},"content":{"rendered":"\n<p>Un incendio forestal se desat\u00f3 este lunes por la tarde en San Francisco del Monte de Oro, en la zona de R\u00edo G\u00f3mez.<br>Los bomberos ya se encuentran trabajando en el lugar.<br>Seg\u00fan datos del Servicio Meteorol\u00f3gico Nacional, la provincia se encuentra en peligro extremo de incendios forestales.<\/p>\n\n\n\n<figure class=\"wp-block-gallery has-nested-images columns-default is-cropped wp-block-gallery-1 is-layout-flex wp-block-gallery-is-layout-flex\">\n<figure class=\"wp-block-image size-large\"><img fetchpriority=\"high\" decoding=\"async\" width=\"1024\" height=\"576\" data-id=\"692\" src=\"https:\/\/vecinosdelinterior.com\/wp-content\/uploads\/2023\/09\/378178001_155621977588497_7065975056774414821_n-1024x576.jpg\" alt=\"\" class=\"wp-image-692\" srcset=\"https:\/\/vecinosdelinterior.com\/wp-content\/uploads\/2023\/09\/378178001_155621977588497_7065975056774414821_n-1024x576.jpg 1024w, https:\/\/vecinosdelinterior.com\/wp-content\/uploads\/2023\/09\/378178001_155621977588497_7065975056774414821_n-300x169.jpg 300w, https:\/\/vecinosdelinterior.com\/wp-content\/uploads\/2023\/09\/378178001_155621977588497_7065975056774414821_n-768x432.jpg 768w, https:\/\/vecinosdelinterior.com\/wp-content\/uploads\/2023\/09\/378178001_155621977588497_7065975056774414821_n-750x422.jpg 750w, https:\/\/vecinosdelinterior.com\/wp-content\/uploads\/2023\/09\/378178001_155621977588497_7065975056774414821_n-1140x641.jpg 1140w, https:\/\/vecinosdelinterior.com\/wp-content\/uploads\/2023\/09\/378178001_155621977588497_7065975056774414821_n.jpg 1280w\" sizes=\"(max-width: 1024px) 100vw, 1024px\" \/><\/figure>\n\n\n\n<figure class=\"wp-block-image size-large\"><img decoding=\"async\" width=\"619\" height=\"442\" data-id=\"691\" src=\"https:\/\/vecinosdelinterior.com\/wp-content\/uploads\/2023\/09\/12-9-2023-11-15-17.jpg\" alt=\"\" class=\"wp-image-691\" srcset=\"https:\/\/vecinosdelinterior.com\/wp-content\/uploads\/2023\/09\/12-9-2023-11-15-17.jpg 619w, https:\/\/vecinosdelinterior.com\/wp-content\/uploads\/2023\/09\/12-9-2023-11-15-17-300x214.jpg 300w, https:\/\/vecinosdelinterior.com\/wp-content\/uploads\/2023\/09\/12-9-2023-11-15-17-120x86.jpg 120w, https:\/\/vecinosdelinterior.com\/wp-content\/uploads\/2023\/09\/12-9-2023-11-15-17-350x250.jpg 350w\" sizes=\"(max-width: 619px) 100vw, 619px\" \/><\/figure>\n\n\n\n<figure class=\"wp-block-image size-large\"><img decoding=\"async\" width=\"672\" height=\"406\" data-id=\"690\" src=\"https:\/\/vecinosdelinterior.com\/wp-content\/uploads\/2023\/09\/12-9-2023-11-14-54.jpg\" alt=\"\" class=\"wp-image-690\" srcset=\"https:\/\/vecinosdelinterior.com\/wp-content\/uploads\/2023\/09\/12-9-2023-11-14-54.jpg 672w, https:\/\/vecinosdelinterior.com\/wp-content\/uploads\/2023\/09\/12-9-2023-11-14-54-300x181.jpg 300w\" sizes=\"(max-width: 672px) 100vw, 672px\" \/><\/figure>\n<\/figure>\n","protected":false},"excerpt":{"rendered":"<p>Un incendio forestal se desat\u00f3 este lunes por la tarde en San Francisco del Monte de Oro, en la zona de R\u00edo G\u00f3mez.Los bomberos ya se encuentran trabajando en el lugar.Seg\u00fan datos del Servicio Meteorol\u00f3gico Nacional, la provincia se encuentra en peligro extremo de incendios forestales.<\/p>\n","protected":false},"author":1,"featured_media":690,"comment_status":"open","ping_status":"open","sticky":false,"template":"","format":"standard","meta":{"footnotes":""},"categories":[8,9],"tags":[77],"class_list":["post-689","post","type-post","status-publish","format-standard","has-post-thumbnail","hentry","category-ayacucho","category-san-francisco","tag-incendio"],"_links":{"self":[{"href":"https:\/\/vecinosdelinterior.com\/index.php\/wp-json\/wp\/v2\/posts\/689","targetHints":{"allow":["GET"]}}],"collection":[{"href":"https:\/\/vecinosdelinterior.com\/index.php\/wp-json\/wp\/v2\/posts"}],"about":[{"href":"https:\/\/vecinosdelinterior.com\/index.php\/wp-json\/wp\/v2\/types\/post"}],"author":[{"embeddable":true,"href":"https:\/\/vecinosdelinterior.com\/index.php\/wp-json\/wp\/v2\/users\/1"}],"replies":[{"embeddable":true,"href":"https:\/\/vecinosdelinterior.com\/index.php\/wp-json\/wp\/v2\/comments?post=689"}],"version-history":[{"count":1,"href":"https:\/\/vecinosdelinterior.com\/index.php\/wp-json\/wp\/v2\/posts\/689\/revisions"}],"predecessor-version":[{"id":693,"href":"https:\/\/vecinosdelinterior.com\/index.php\/wp-json\/wp\/v2\/posts\/689\/revisions\/693"}],"wp:featuredmedia":[{"embeddable":true,"href":"https:\/\/vecinosdelinterior.com\/index.php\/wp-json\/wp\/v2\/media\/690"}],"wp:attachment":[{"href":"https:\/\/vecinosdelinterior.com\/index.php\/wp-json\/wp\/v2\/media?parent=689"}],"wp:term":[{"taxonomy":"category","embeddable":true,"href":"https:\/\/vecinosdelinterior.com\/index.php\/wp-json\/wp\/v2\/categories?post=689"},{"taxonomy":"post_tag","embeddable":true,"href":"https:\/\/vecinosdelinterior.com\/index.php\/wp-json\/wp\/v2\/tags?post=689"}],"curies":[{"name":"wp","href":"https:\/\/api.w.org\/{rel}","templated":true}]}}