{"id":6925,"date":"2026-04-25T20:30:25","date_gmt":"2026-04-25T23:30:25","guid":{"rendered":"https:\/\/vecinosdelinterior.com\/?p=6925"},"modified":"2026-04-25T20:30:25","modified_gmt":"2026-04-25T23:30:25","slug":"renovaran-el-solar-historico-de-san-francisco","status":"publish","type":"post","link":"https:\/\/vecinosdelinterior.com\/index.php\/2026\/04\/25\/renovaran-el-solar-historico-de-san-francisco\/","title":{"rendered":"Renovar\u00e1n el Solar Hist\u00f3rico de San Francisco"},"content":{"rendered":"\n<p>VECINOSDELINTERIOR.COM \/ 25 DE ABRIL<br>El gobernador Claudio Poggi present\u00f3 el proyecto de remodelaci\u00f3n integral del predio donde funcion\u00f3 la primera escuela fundada por Domingo Faustino Sarmiento. Con una inversi\u00f3n superior a $200 millones, las obras contemplan mejoras edilicias, accesos y el reordenamiento del parque contiguo. \u201cVamos a inaugurarlo el 11 de septiembre\u201d, asegur\u00f3 el Mandatario.<br>El gobernador Claudio Poggi continu\u00f3 la gira institucional de este viernes en el departamento Ayacucho junto a su gabinete con una actividad m\u00e1s que importante: El Ejecutivo Provincial present\u00f3 un proyecto para remodelar y refaccionar el Solar Hist\u00f3rico donde funcion\u00f3 la primera escuela de Domingo Faustino Sarmiento.<br>La arquitecta Ivana Moreno, mediante una presentaci\u00f3n audiovisual, explic\u00f3 que la obra demandar\u00e1 una inversi\u00f3n superior a $200 millones y se desarrollar\u00e1 en distintas etapas. El proyecto abarcar\u00e1 tanto el espacio p\u00fablico circundante como las estructuras existentes dentro del monumento hist\u00f3rico, con el objetivo de mejorar la accesibilidad, preservar el patrimonio y optimizar la experiencia de visitantes y vecinos.<\/p>\n\n\n\n<figure class=\"wp-block-gallery has-nested-images columns-default is-cropped wp-block-gallery-1 is-layout-flex wp-block-gallery-is-layout-flex\">\n<figure class=\"wp-block-image size-large\"><img fetchpriority=\"high\" decoding=\"async\" width=\"1024\" height=\"681\" data-id=\"6926\" src=\"https:\/\/vecinosdelinterior.com\/wp-content\/uploads\/2026\/04\/final-1024x681.jpg\" alt=\"\" class=\"wp-image-6926\" srcset=\"https:\/\/vecinosdelinterior.com\/wp-content\/uploads\/2026\/04\/final-1024x681.jpg 1024w, https:\/\/vecinosdelinterior.com\/wp-content\/uploads\/2026\/04\/final-300x199.jpg 300w, https:\/\/vecinosdelinterior.com\/wp-content\/uploads\/2026\/04\/final-768x511.jpg 768w, https:\/\/vecinosdelinterior.com\/wp-content\/uploads\/2026\/04\/final-750x499.jpg 750w, https:\/\/vecinosdelinterior.com\/wp-content\/uploads\/2026\/04\/final-1140x758.jpg 1140w, https:\/\/vecinosdelinterior.com\/wp-content\/uploads\/2026\/04\/final.jpg 1280w\" sizes=\"(max-width: 1024px) 100vw, 1024px\" \/><\/figure>\n\n\n\n<figure class=\"wp-block-image size-large\"><img decoding=\"async\" width=\"1024\" height=\"681\" data-id=\"6927\" src=\"https:\/\/vecinosdelinterior.com\/wp-content\/uploads\/2026\/04\/dentro3-1024x681.jpg\" alt=\"\" class=\"wp-image-6927\" srcset=\"https:\/\/vecinosdelinterior.com\/wp-content\/uploads\/2026\/04\/dentro3-1024x681.jpg 1024w, https:\/\/vecinosdelinterior.com\/wp-content\/uploads\/2026\/04\/dentro3-300x199.jpg 300w, https:\/\/vecinosdelinterior.com\/wp-content\/uploads\/2026\/04\/dentro3-768x511.jpg 768w, https:\/\/vecinosdelinterior.com\/wp-content\/uploads\/2026\/04\/dentro3-750x499.jpg 750w, https:\/\/vecinosdelinterior.com\/wp-content\/uploads\/2026\/04\/dentro3-1140x758.jpg 1140w, https:\/\/vecinosdelinterior.com\/wp-content\/uploads\/2026\/04\/dentro3.jpg 1280w\" sizes=\"(max-width: 1024px) 100vw, 1024px\" \/><\/figure>\n<\/figure>\n\n\n\n<p><br>\u201cSe har\u00e1 un nuevo acceso, se plantear\u00e1 un nuevo acceso principal en la esquina noroeste del predio, frente a lo que es la Plaza Sarmiento actualmente. Por ah\u00ed se acceder\u00e1 al predio hasta llegar al Solar Hist\u00f3rico actual. Habr\u00e1 un recorrido peatonal con informaci\u00f3n mediante t\u00f3tems alusivos al maestro Sarmiento. Tambi\u00e9n habr\u00e1 lugares de descanso para que los visitantes puedan permanecer un tiempo m\u00e1s prolongado en el predio\u201d, coment\u00f3.<br>El proyecto tambi\u00e9n incluir\u00e1 lugares de descanso, para que los visitantes puedan permanecer m\u00e1s tiempo dentro del predio. En cuanto al rancho escuela, la arquitecta dijo: \u201cTodo lo que es la estructura que recubre ser\u00e1 un mantenimiento correctivo para arreglar filtraciones y dem\u00e1s deterioros que tiene por el paso del tiempo\u201d.<br>Por \u00faltimo, refaccionar\u00e1n el local de exhibici\u00f3n, los sanitarios, entre otros. \u201cLos trabajos ser\u00e1n interna y externamente con una puesta en valor de todo el edificio. Se har\u00e1 una refacci\u00f3n completa de los sanitarios, se crear\u00e1 un sanitario para personas con discapacidad y un espacio de guardado y de servicio para este local. Se intervendr\u00e1 todo el predio con nuevos plaquetarios y t\u00f3tem donde se ubicar\u00e1 la placa recordatoria de los 200 a\u00f1os\u201d, concluy\u00f3 la funcionaria.<br>En el encuentro, el Gobernador vaticin\u00f3 que este proyecto ser\u00e1 inaugurado en el D\u00eda del Maestro, el pr\u00f3ximo 11 de septiembre, justamente que por ley, el 2026 fue decretado como el A\u00f1o de la Educaci\u00f3n en San Luis.<br>\u201cAqu\u00ed, hace 200 a\u00f1os, Sarmiento fund\u00f3 la primera escuela de las 800 que fund\u00f3 siendo presidente de la Naci\u00f3n. Entonces, vamos a volver el 11 de septiembre, yo voy a volver antes, pero el D\u00eda del Maestro, como lo hacemos todos los a\u00f1os, vamos a conmemorarlo con la puesta en valor del Solar que es un atractivo tur\u00edstico y educativo m\u00e1s, y que va a congregar a todos los maestros de la provincia\u201d, concluy\u00f3.<\/p>\n","protected":false},"excerpt":{"rendered":"<p>VECINOSDELINTERIOR.COM \/ 25 DE ABRILEl gobernador Claudio Poggi present\u00f3 el proyecto de remodelaci\u00f3n integral del predio donde funcion\u00f3 la primera escuela fundada por Domingo Faustino Sarmiento. Con una inversi\u00f3n superior a $200 millones, las obras contemplan mejoras edilicias, accesos y el reordenamiento del parque contiguo. \u201cVamos a inaugurarlo el 11 de septiembre\u201d, asegur\u00f3 el Mandatario.El [&hellip;]<\/p>\n","protected":false},"author":1,"featured_media":6927,"comment_status":"open","ping_status":"open","sticky":false,"template":"","format":"standard","meta":{"footnotes":""},"categories":[8,9],"tags":[],"class_list":["post-6925","post","type-post","status-publish","format-standard","has-post-thumbnail","hentry","category-ayacucho","category-san-francisco"],"_links":{"self":[{"href":"https:\/\/vecinosdelinterior.com\/index.php\/wp-json\/wp\/v2\/posts\/6925","targetHints":{"allow":["GET"]}}],"collection":[{"href":"https:\/\/vecinosdelinterior.com\/index.php\/wp-json\/wp\/v2\/posts"}],"about":[{"href":"https:\/\/vecinosdelinterior.com\/index.php\/wp-json\/wp\/v2\/types\/post"}],"author":[{"embeddable":true,"href":"https:\/\/vecinosdelinterior.com\/index.php\/wp-json\/wp\/v2\/users\/1"}],"replies":[{"embeddable":true,"href":"https:\/\/vecinosdelinterior.com\/index.php\/wp-json\/wp\/v2\/comments?post=6925"}],"version-history":[{"count":1,"href":"https:\/\/vecinosdelinterior.com\/index.php\/wp-json\/wp\/v2\/posts\/6925\/revisions"}],"predecessor-version":[{"id":6928,"href":"https:\/\/vecinosdelinterior.com\/index.php\/wp-json\/wp\/v2\/posts\/6925\/revisions\/6928"}],"wp:featuredmedia":[{"embeddable":true,"href":"https:\/\/vecinosdelinterior.com\/index.php\/wp-json\/wp\/v2\/media\/6927"}],"wp:attachment":[{"href":"https:\/\/vecinosdelinterior.com\/index.php\/wp-json\/wp\/v2\/media?parent=6925"}],"wp:term":[{"taxonomy":"category","embeddable":true,"href":"https:\/\/vecinosdelinterior.com\/index.php\/wp-json\/wp\/v2\/categories?post=6925"},{"taxonomy":"post_tag","embeddable":true,"href":"https:\/\/vecinosdelinterior.com\/index.php\/wp-json\/wp\/v2\/tags?post=6925"}],"curies":[{"name":"wp","href":"https:\/\/api.w.org\/{rel}","templated":true}]}}