{"id":6932,"date":"2026-04-25T20:33:55","date_gmt":"2026-04-25T23:33:55","guid":{"rendered":"https:\/\/vecinosdelinterior.com\/?p=6932"},"modified":"2026-04-25T20:33:55","modified_gmt":"2026-04-25T23:33:55","slug":"convocan-a-marcha-los-allegados-de-los-efectivos-policiales-procesados-por-la-muerte-de-florencia-magali-morales","status":"publish","type":"post","link":"https:\/\/vecinosdelinterior.com\/index.php\/2026\/04\/25\/convocan-a-marcha-los-allegados-de-los-efectivos-policiales-procesados-por-la-muerte-de-florencia-magali-morales\/","title":{"rendered":"Convocan a marcha los allegados de los efectivos policiales procesados por la muerte de Florencia Magal\u00ed Morales."},"content":{"rendered":"\n<p>VECINOSDELINTERIOR.COM \/ 24 DE ABRIL<br>El reclamo central de esta convocatoria apunta contra la calificaci\u00f3n legal de \u201ctortura seguida de muerte\u201d, argumentando que se trata de una acusaci\u00f3n desproporcionada que no refleja lo ocurrido en la celda policial durante aquel abril de 2020.<br>La iniciativa cobr\u00f3 fuerza tras la difusi\u00f3n de un descargo firmado por Valeria Arg\u00fcello, hermana de una de las agentes implicadas. A continuaci\u00f3n el texto:<\/p>\n\n\n\n<p><br>A LA COMUNIDAD Y A CADA TRABAJADOR QUE SOSTIENE EL SISTEMA P\u00daBLICO:<br>Escribo estas l\u00edneas desde el dolor, pero sobre todo desde la necesidad de verdad. Mi hermana es una de las personas imputadas en el caso de Florencia Magal\u00ed Morales. Durante mucho tiempo hemos guardado silencio por respeto al proceso judicial y al dolor de una familia, pero tras la reciente audiencia, es hora de hablar con la claridad que surge de las pruebas y de los mismos peritos.<\/p>\n\n\n\n<p><br>NO HUBO ASESINATO, HUBO UNA TRAGEDIA PERSONAL.<br>La fiscal\u00eda ha reconocido finalmente, bas\u00e1ndose en cuatro expertos en criminal\u00edstica, que \u201cNO HUBO INTERVENCI\u00d3N DE TERCEROS\u201d. Magal\u00ed no fue asesinada por la polic\u00eda; ella tom\u00f3 una decisi\u00f3n dr\u00e1stica. Es fundamental que la sociedad sepa esto, no estamos ante criminales que quitaron una vida, sino ante trabajadores que se encontraron con un desenlace que nadie deseaba.<\/p>\n\n\n\n<p><br>LA POLIC\u00cdA NO ES UN CUERPO M\u00c9DICO NI PSICOL\u00d3GICO<br>Se acusa a los polic\u00edas de \u00abinducci\u00f3n al suicidio\u00bb por no haber interpretado el estado de Magal\u00ed. Pero debemos preguntarnos: \u00bfest\u00e1n nuestros polic\u00edas capacitados y equipados para ser contenedores de crisis de salud mental? Magal\u00ed lleg\u00f3 a la comisar\u00eda arrastrando una mochila de dolor inmensa: una situaci\u00f3n de violencia de g\u00e9nero, pobreza y la reciente y traum\u00e1tica p\u00e9rdida de su nieta.<\/p>\n\n\n\n<p><br>ES AQU\u00cd DONDE DEBEMOS DETENERNOS PARA ENTENDER A QU\u00c9 LE LLAMA \u00abTORTURA\u00bb LA FISCAL\u00cdA. Es fundamental que se sepa que NO EXISTE UNA ACUSACI\u00d3N POR GOLPES O AGRESIONES F\u00cdSICAS. La fiscal\u00eda argumenta que hubo \u00abtortura\u00bb porque Magal\u00ed gritaba pidiendo ayuda y no fue asistida. Pero hay que decir la verdad de lo que se vive, todos los detenidos gritan, todos dicen ser inocentes y todos piden ayuda.<br>En este caso, mi hermana y sus compa\u00f1eros no supieron interpretar o advertir que esta vez era distinto; no tuvieron la formaci\u00f3n para distinguir entre la protesta habitual de una detenci\u00f3n y el pedido de auxilio de una persona en un punto de quiebre.<br>\u00bfEs justo culpar a los polic\u00edas por no haber percibido toda esa carga emocional cuando es el Estado quien debi\u00f3 estar presente y ocuparse de ella mucho antes? Mi hermana y sus compa\u00f1eros actuaron con los protocolos que conocen, en celdas que ellos no dise\u00f1aron y en un sistema que los deja solos. Un error de procedimiento o una falla en una requisa podr\u00e1 ser una falta administrativa, pero convertir eso en una acusaci\u00f3n de \u00abtortura seguida de muerte\u00bb es un salto legal desproporcionado e injusto.<\/p>\n\n\n\n<p><br>HOY SON ELLOS, MA\u00d1ANA POD\u00c9S SER VOS.<br>Esta carta es tambi\u00e9n para vos, oficial de polic\u00eda, m\u00e9dico o docente. Todos los que trabajamos para el Estado sabemos que nos piden milagros con recursos miserables. Nos mandan a la calle con lo puesto y, cuando el sistema colapsa bajo su propio peso, no buscan responsables en los despachos donde se toman las decisiones, buscan responsables entre los que marcamos tarjeta.<\/p>\n\n\n\n<p><br>EL SISTEMA BUSCA CHIVOS EXPIATORIOS.<br>Es m\u00e1s f\u00e1cil culpar a los \u00faltimos eslabones de la cadena que admitir que el Estado falla sistem\u00e1ticamente en proteger a las mujeres vulnerables y en dar condiciones dignas de trabajo a sus fuerzas de seguridad. Mi hermana no es una torturadora. Es una mujer trabajadora, es hija, hermana, esposa, madre, abuela y t\u00eda; tiene una familia que la acompa\u00f1a y sufre con ella. Hoy es usada como \u00abCHIVO EXPIATORIO\u00bb PARA CALMAR UNA DEMANDA SOCIAL, mientras los verdaderos responsables de la falta de infraestructura y protocolos siguen en sus oficinas.<\/p>\n\n\n\n<p><br>CONVOCATORIA A LA MARCHA POR LA VERDAD.<br>La semana pasada fuimos casi 300 personas alzando la voz. Pero somos muchos m\u00e1s los que sabemos que no somos culpables del abandono del Estado. NO PERMITAMOS QUE LA POL\u00cdTICA Y LA PRESI\u00d3N MEDI\u00c1TICA DESTRUYAN LA VIDA DE TRABAJADORES QUE HICIERON LO QUE PUDIERON CON LO POCO QUE TEN\u00cdAN.<\/p>\n\n\n\n<p><br>Invitamos a toda la comunidad, a las familias de otros polic\u00edas y a todo empleado p\u00fablico que se sienta desamparado por el sistema, a marchar nuevamente con nosotros en paz y por la verdad.<br>D\u00eda: Viernes 24 de abril<br>Hora: 16:30 hs.<br>Lugar: Plaza Pringles<br>PEDIMOS JUSTICIA POR MAGAL\u00cd, SI, PERO LA JUSTICIA NO SE ALCANZA CONDENANDO A INOCENTES.<\/p>\n","protected":false},"excerpt":{"rendered":"<p>VECINOSDELINTERIOR.COM \/ 24 DE ABRILEl reclamo central de esta convocatoria apunta contra la calificaci\u00f3n legal de \u201ctortura seguida de muerte\u201d, argumentando que se trata de una acusaci\u00f3n desproporcionada que no refleja lo ocurrido en la celda policial durante aquel abril de 2020.La iniciativa cobr\u00f3 fuerza tras la difusi\u00f3n de un descargo firmado por Valeria Arg\u00fcello, [&hellip;]<\/p>\n","protected":false},"author":1,"featured_media":6933,"comment_status":"open","ping_status":"open","sticky":false,"template":"","format":"standard","meta":{"footnotes":""},"categories":[23,73],"tags":[],"class_list":["post-6932","post","type-post","status-publish","format-standard","has-post-thumbnail","hentry","category-junin","category-merlo"],"_links":{"self":[{"href":"https:\/\/vecinosdelinterior.com\/index.php\/wp-json\/wp\/v2\/posts\/6932","targetHints":{"allow":["GET"]}}],"collection":[{"href":"https:\/\/vecinosdelinterior.com\/index.php\/wp-json\/wp\/v2\/posts"}],"about":[{"href":"https:\/\/vecinosdelinterior.com\/index.php\/wp-json\/wp\/v2\/types\/post"}],"author":[{"embeddable":true,"href":"https:\/\/vecinosdelinterior.com\/index.php\/wp-json\/wp\/v2\/users\/1"}],"replies":[{"embeddable":true,"href":"https:\/\/vecinosdelinterior.com\/index.php\/wp-json\/wp\/v2\/comments?post=6932"}],"version-history":[{"count":1,"href":"https:\/\/vecinosdelinterior.com\/index.php\/wp-json\/wp\/v2\/posts\/6932\/revisions"}],"predecessor-version":[{"id":6934,"href":"https:\/\/vecinosdelinterior.com\/index.php\/wp-json\/wp\/v2\/posts\/6932\/revisions\/6934"}],"wp:featuredmedia":[{"embeddable":true,"href":"https:\/\/vecinosdelinterior.com\/index.php\/wp-json\/wp\/v2\/media\/6933"}],"wp:attachment":[{"href":"https:\/\/vecinosdelinterior.com\/index.php\/wp-json\/wp\/v2\/media?parent=6932"}],"wp:term":[{"taxonomy":"category","embeddable":true,"href":"https:\/\/vecinosdelinterior.com\/index.php\/wp-json\/wp\/v2\/categories?post=6932"},{"taxonomy":"post_tag","embeddable":true,"href":"https:\/\/vecinosdelinterior.com\/index.php\/wp-json\/wp\/v2\/tags?post=6932"}],"curies":[{"name":"wp","href":"https:\/\/api.w.org\/{rel}","templated":true}]}}