{"id":6935,"date":"2026-04-26T11:57:13","date_gmt":"2026-04-26T14:57:13","guid":{"rendered":"https:\/\/vecinosdelinterior.com\/?p=6935"},"modified":"2026-04-26T11:57:13","modified_gmt":"2026-04-26T14:57:13","slug":"polemica-en-el-rally-de-naschel-el-abandono-de-emma-bracco-desato-criticas-para-con-la-organizacion","status":"publish","type":"post","link":"https:\/\/vecinosdelinterior.com\/index.php\/2026\/04\/26\/polemica-en-el-rally-de-naschel-el-abandono-de-emma-bracco-desato-criticas-para-con-la-organizacion\/","title":{"rendered":"Pol\u00e9mica en el Rally de Naschel: el abandono de Emma Bracco desat\u00f3 cr\u00edticas para con la organizaci\u00f3n"},"content":{"rendered":"\n<p>VECINOSDELINTERIOR.COM \/ 26 DE ABRIL<br>El Rally de Naschel qued\u00f3 en el centro de la pol\u00e9mica este fin de semana luego de que el piloto Emma Bracco decidiera retirarse de la competencia tras disputar solo el primer tramo. La determinaci\u00f3n fue comunicada a trav\u00e9s de un duro mensaje, en el que el equipo apunt\u00f3 directamente contra decisiones de los comisarios deportivos y t\u00e9cnicos que, seg\u00fan denunciaron, los perjudicaron en plena carrera.<br>\u201cNo estamos de acuerdo con las decisiones que tomaron\u2026 la cual nos perjudic\u00f3 y nos dej\u00f3 en desventaja frente a nuestros rivales\u201d, expresaron. Entre los principales cuestionamientos, se\u00f1alaron la modificaci\u00f3n de condiciones sin respaldo formal: \u201cNo se present\u00f3 un anexo por escrito respecto a una recarga de combustible\u2026 la cual se hizo en carrera y la hicieron de palabra\u201d, agregando adem\u00e1s que \u201chay un reglamento que est\u00e1 escrito y en esta ocasi\u00f3n no se cumpli\u00f3 por parte de las autoridades\u201d.<\/p>\n\n\n\n<figure class=\"wp-block-gallery has-nested-images columns-default is-cropped wp-block-gallery-1 is-layout-flex wp-block-gallery-is-layout-flex\">\n<figure class=\"wp-block-image size-large\"><img fetchpriority=\"high\" decoding=\"async\" width=\"759\" height=\"857\" data-id=\"6938\" src=\"https:\/\/vecinosdelinterior.com\/wp-content\/uploads\/2026\/04\/26-4-2026-11-35-00.png\" alt=\"\" class=\"wp-image-6938\" srcset=\"https:\/\/vecinosdelinterior.com\/wp-content\/uploads\/2026\/04\/26-4-2026-11-35-00.png 759w, https:\/\/vecinosdelinterior.com\/wp-content\/uploads\/2026\/04\/26-4-2026-11-35-00-266x300.png 266w, https:\/\/vecinosdelinterior.com\/wp-content\/uploads\/2026\/04\/26-4-2026-11-35-00-750x847.png 750w\" sizes=\"(max-width: 759px) 100vw, 759px\" \/><\/figure>\n\n\n\n<figure class=\"wp-block-image size-large\"><img decoding=\"async\" width=\"761\" height=\"640\" data-id=\"6936\" src=\"https:\/\/vecinosdelinterior.com\/wp-content\/uploads\/2026\/04\/26-4-2026-11-35-52.png\" alt=\"\" class=\"wp-image-6936\" srcset=\"https:\/\/vecinosdelinterior.com\/wp-content\/uploads\/2026\/04\/26-4-2026-11-35-52.png 761w, https:\/\/vecinosdelinterior.com\/wp-content\/uploads\/2026\/04\/26-4-2026-11-35-52-300x252.png 300w, https:\/\/vecinosdelinterior.com\/wp-content\/uploads\/2026\/04\/26-4-2026-11-35-52-750x631.png 750w\" sizes=\"(max-width: 761px) 100vw, 761px\" \/><\/figure>\n\n\n\n<figure class=\"wp-block-image size-large\"><img decoding=\"async\" width=\"759\" height=\"592\" data-id=\"6937\" src=\"https:\/\/vecinosdelinterior.com\/wp-content\/uploads\/2026\/04\/26-4-2026-11-36-19.png\" alt=\"\" class=\"wp-image-6937\" srcset=\"https:\/\/vecinosdelinterior.com\/wp-content\/uploads\/2026\/04\/26-4-2026-11-36-19.png 759w, https:\/\/vecinosdelinterior.com\/wp-content\/uploads\/2026\/04\/26-4-2026-11-36-19-300x234.png 300w, https:\/\/vecinosdelinterior.com\/wp-content\/uploads\/2026\/04\/26-4-2026-11-36-19-750x585.png 750w\" sizes=\"(max-width: 759px) 100vw, 759px\" \/><\/figure>\n<\/figure>\n\n\n\n<p><br>La situaci\u00f3n gener\u00f3 una fuerte repercusi\u00f3n entre fan\u00e1ticos del rally, quienes no tardaron en expresar su malestar. \u201cFue un verdadero desastre, nadie sab\u00eda d\u00f3nde eran los tramos, pura improvisaci\u00f3n\u201d, coment\u00f3 un seguidor. Otro sostuvo: \u201cGran piloto, viene de tantos kil\u00f3metros y que le hagan esto\u2026 encima todo lo que te piden y te cobran para correr\u201d. Tambi\u00e9n hubo cr\u00edticas m\u00e1s profundas hacia la organizaci\u00f3n: \u201cSiempre lo mismo con la organizaci\u00f3n, si no pueden organizar un rally que se dediquen a otra cosa\u201d, mientras que otro aficionado advirti\u00f3: \u201cAs\u00ed se va a perder el rally de San Luis, cada vez hay menos autos\u201d.<br>Al mismo tiempo, no faltaron muestras de apoyo al piloto: \u201cTodos los que amamos el rally sabemos el espect\u00e1culo que das, es una l\u00e1stima que te retires as\u00ed\u201d, expres\u00f3 otro usuario. Incluso algunos fueron m\u00e1s contundentes al respaldar la decisi\u00f3n: \u201cMuy buena decisi\u00f3n, hay que hacer algo para sacar a la gente que no suma\u201d.<br>Desde el entorno de Bracco lamentaron lo ocurrido y apuntaron a la falta de transparencia: \u201cEs una l\u00e1stima que estos hechos sucedan\u2026 con negligencias as\u00ed e inoperancia se hace imposible pelear un campeonato\u201d. Pese al conflicto, el equipo agradeci\u00f3 el acompa\u00f1amiento del p\u00fablico: \u201cGracias a todos por bancarnos al costado del camino, gracias San Luis\u201d.<br>El episodio reaviva el debate sobre la organizaci\u00f3n del rally provincial y deja en evidencia el creciente malestar dentro del ambiente, tanto de pilotos como de seguidores, que reclaman mayor seriedad y cumplimiento de las reglas en cada competencia.<\/p>\n","protected":false},"excerpt":{"rendered":"<p>VECINOSDELINTERIOR.COM \/ 26 DE ABRILEl Rally de Naschel qued\u00f3 en el centro de la pol\u00e9mica este fin de semana luego de que el piloto Emma Bracco decidiera retirarse de la competencia tras disputar solo el primer tramo. La determinaci\u00f3n fue comunicada a trav\u00e9s de un duro mensaje, en el que el equipo apunt\u00f3 directamente contra [&hellip;]<\/p>\n","protected":false},"author":1,"featured_media":6939,"comment_status":"open","ping_status":"open","sticky":false,"template":"","format":"standard","meta":{"footnotes":""},"categories":[29,91],"tags":[],"class_list":["post-6935","post","type-post","status-publish","format-standard","has-post-thumbnail","hentry","category-chacabuco","category-naschel"],"_links":{"self":[{"href":"https:\/\/vecinosdelinterior.com\/index.php\/wp-json\/wp\/v2\/posts\/6935","targetHints":{"allow":["GET"]}}],"collection":[{"href":"https:\/\/vecinosdelinterior.com\/index.php\/wp-json\/wp\/v2\/posts"}],"about":[{"href":"https:\/\/vecinosdelinterior.com\/index.php\/wp-json\/wp\/v2\/types\/post"}],"author":[{"embeddable":true,"href":"https:\/\/vecinosdelinterior.com\/index.php\/wp-json\/wp\/v2\/users\/1"}],"replies":[{"embeddable":true,"href":"https:\/\/vecinosdelinterior.com\/index.php\/wp-json\/wp\/v2\/comments?post=6935"}],"version-history":[{"count":1,"href":"https:\/\/vecinosdelinterior.com\/index.php\/wp-json\/wp\/v2\/posts\/6935\/revisions"}],"predecessor-version":[{"id":6940,"href":"https:\/\/vecinosdelinterior.com\/index.php\/wp-json\/wp\/v2\/posts\/6935\/revisions\/6940"}],"wp:featuredmedia":[{"embeddable":true,"href":"https:\/\/vecinosdelinterior.com\/index.php\/wp-json\/wp\/v2\/media\/6939"}],"wp:attachment":[{"href":"https:\/\/vecinosdelinterior.com\/index.php\/wp-json\/wp\/v2\/media?parent=6935"}],"wp:term":[{"taxonomy":"category","embeddable":true,"href":"https:\/\/vecinosdelinterior.com\/index.php\/wp-json\/wp\/v2\/categories?post=6935"},{"taxonomy":"post_tag","embeddable":true,"href":"https:\/\/vecinosdelinterior.com\/index.php\/wp-json\/wp\/v2\/tags?post=6935"}],"curies":[{"name":"wp","href":"https:\/\/api.w.org\/{rel}","templated":true}]}}