{"id":694,"date":"2023-09-12T19:53:05","date_gmt":"2023-09-12T22:53:05","guid":{"rendered":"https:\/\/vecinosdelinterior.com\/?p=694"},"modified":"2023-09-12T19:53:05","modified_gmt":"2023-09-12T22:53:05","slug":"mas-de-380-alumnos-recibieron-su-computadora-en-san-francisco","status":"publish","type":"post","link":"https:\/\/vecinosdelinterior.com\/index.php\/2023\/09\/12\/mas-de-380-alumnos-recibieron-su-computadora-en-san-francisco\/","title":{"rendered":"M\u00e1s de 380 alumnos recibieron su computadora en San Francisco"},"content":{"rendered":"\n<p>La entrega se realiz\u00f3 este martes en el Centro Educativo N\u00ba19 \u201cSarmiento\u201d, donde alumnos de 4\u00ba, 5\u00ba y 6\u00ba grado del nivel primario y 1\u00ba a\u00f1o del secundario accedieron a su dispositivo.<\/p>\n\n\n\n<p>La inclusi\u00f3n digital es una de las pol\u00edticas p\u00fablicas que lleva adelante el Gobierno provincial a trav\u00e9s del Ministerio de Ciencia y Tecnolog\u00eda. Esta iniciativa busca tambi\u00e9n alcanzar la conectividad gratuita en todo el territorio provincialy de esta manera lograr que todos los estudiantes de la provincia accedan a las nuevas tecnolog\u00edas.<\/p>\n\n\n\n<figure class=\"wp-block-gallery has-nested-images columns-default is-cropped wp-block-gallery-1 is-layout-flex wp-block-gallery-is-layout-flex\">\n<figure class=\"wp-block-image size-large\"><img fetchpriority=\"high\" decoding=\"async\" width=\"1024\" height=\"683\" data-id=\"699\" src=\"https:\/\/vecinosdelinterior.com\/wp-content\/uploads\/2023\/09\/DSC_3235-2048x1365-1-1024x683.jpg\" alt=\"\" class=\"wp-image-699\" srcset=\"https:\/\/vecinosdelinterior.com\/wp-content\/uploads\/2023\/09\/DSC_3235-2048x1365-1-1024x683.jpg 1024w, https:\/\/vecinosdelinterior.com\/wp-content\/uploads\/2023\/09\/DSC_3235-2048x1365-1-300x200.jpg 300w, https:\/\/vecinosdelinterior.com\/wp-content\/uploads\/2023\/09\/DSC_3235-2048x1365-1-768x512.jpg 768w, https:\/\/vecinosdelinterior.com\/wp-content\/uploads\/2023\/09\/DSC_3235-2048x1365-1-1536x1024.jpg 1536w, https:\/\/vecinosdelinterior.com\/wp-content\/uploads\/2023\/09\/DSC_3235-2048x1365-1-750x500.jpg 750w, https:\/\/vecinosdelinterior.com\/wp-content\/uploads\/2023\/09\/DSC_3235-2048x1365-1-1140x760.jpg 1140w, https:\/\/vecinosdelinterior.com\/wp-content\/uploads\/2023\/09\/DSC_3235-2048x1365-1.jpg 2048w\" sizes=\"(max-width: 1024px) 100vw, 1024px\" \/><\/figure>\n\n\n\n<figure class=\"wp-block-image size-large\"><img decoding=\"async\" width=\"1024\" height=\"683\" data-id=\"700\" src=\"https:\/\/vecinosdelinterior.com\/wp-content\/uploads\/2023\/09\/DSC_3302-2048x1365-1-1024x683.jpg\" alt=\"\" class=\"wp-image-700\" srcset=\"https:\/\/vecinosdelinterior.com\/wp-content\/uploads\/2023\/09\/DSC_3302-2048x1365-1-1024x683.jpg 1024w, https:\/\/vecinosdelinterior.com\/wp-content\/uploads\/2023\/09\/DSC_3302-2048x1365-1-300x200.jpg 300w, https:\/\/vecinosdelinterior.com\/wp-content\/uploads\/2023\/09\/DSC_3302-2048x1365-1-768x512.jpg 768w, https:\/\/vecinosdelinterior.com\/wp-content\/uploads\/2023\/09\/DSC_3302-2048x1365-1-1536x1024.jpg 1536w, https:\/\/vecinosdelinterior.com\/wp-content\/uploads\/2023\/09\/DSC_3302-2048x1365-1-750x500.jpg 750w, https:\/\/vecinosdelinterior.com\/wp-content\/uploads\/2023\/09\/DSC_3302-2048x1365-1-1140x760.jpg 1140w, https:\/\/vecinosdelinterior.com\/wp-content\/uploads\/2023\/09\/DSC_3302-2048x1365-1.jpg 2048w\" sizes=\"(max-width: 1024px) 100vw, 1024px\" \/><\/figure>\n\n\n\n<figure class=\"wp-block-image size-large\"><img decoding=\"async\" width=\"1024\" height=\"683\" data-id=\"697\" src=\"https:\/\/vecinosdelinterior.com\/wp-content\/uploads\/2023\/09\/DSC_3309-2048x1365-1-1024x683.jpg\" alt=\"\" class=\"wp-image-697\" srcset=\"https:\/\/vecinosdelinterior.com\/wp-content\/uploads\/2023\/09\/DSC_3309-2048x1365-1-1024x683.jpg 1024w, https:\/\/vecinosdelinterior.com\/wp-content\/uploads\/2023\/09\/DSC_3309-2048x1365-1-300x200.jpg 300w, https:\/\/vecinosdelinterior.com\/wp-content\/uploads\/2023\/09\/DSC_3309-2048x1365-1-768x512.jpg 768w, https:\/\/vecinosdelinterior.com\/wp-content\/uploads\/2023\/09\/DSC_3309-2048x1365-1-1536x1024.jpg 1536w, https:\/\/vecinosdelinterior.com\/wp-content\/uploads\/2023\/09\/DSC_3309-2048x1365-1-750x500.jpg 750w, https:\/\/vecinosdelinterior.com\/wp-content\/uploads\/2023\/09\/DSC_3309-2048x1365-1-1140x760.jpg 1140w, https:\/\/vecinosdelinterior.com\/wp-content\/uploads\/2023\/09\/DSC_3309-2048x1365-1.jpg 2048w\" sizes=\"(max-width: 1024px) 100vw, 1024px\" \/><\/figure>\n\n\n\n<figure class=\"wp-block-image size-large\"><img loading=\"lazy\" decoding=\"async\" width=\"1024\" height=\"683\" data-id=\"698\" src=\"https:\/\/vecinosdelinterior.com\/wp-content\/uploads\/2023\/09\/DSC_3277-2048x1365-1-1024x683.jpg\" alt=\"\" class=\"wp-image-698\" srcset=\"https:\/\/vecinosdelinterior.com\/wp-content\/uploads\/2023\/09\/DSC_3277-2048x1365-1-1024x683.jpg 1024w, https:\/\/vecinosdelinterior.com\/wp-content\/uploads\/2023\/09\/DSC_3277-2048x1365-1-300x200.jpg 300w, https:\/\/vecinosdelinterior.com\/wp-content\/uploads\/2023\/09\/DSC_3277-2048x1365-1-768x512.jpg 768w, https:\/\/vecinosdelinterior.com\/wp-content\/uploads\/2023\/09\/DSC_3277-2048x1365-1-1536x1024.jpg 1536w, https:\/\/vecinosdelinterior.com\/wp-content\/uploads\/2023\/09\/DSC_3277-2048x1365-1-750x500.jpg 750w, https:\/\/vecinosdelinterior.com\/wp-content\/uploads\/2023\/09\/DSC_3277-2048x1365-1-1140x760.jpg 1140w, https:\/\/vecinosdelinterior.com\/wp-content\/uploads\/2023\/09\/DSC_3277-2048x1365-1.jpg 2048w\" sizes=\"(max-width: 1024px) 100vw, 1024px\" \/><\/figure>\n\n\n\n<figure class=\"wp-block-image size-large\"><img loading=\"lazy\" decoding=\"async\" width=\"1024\" height=\"683\" data-id=\"696\" src=\"https:\/\/vecinosdelinterior.com\/wp-content\/uploads\/2023\/09\/DSC_3232-2048x1365-1-1024x683.jpg\" alt=\"\" class=\"wp-image-696\" srcset=\"https:\/\/vecinosdelinterior.com\/wp-content\/uploads\/2023\/09\/DSC_3232-2048x1365-1-1024x683.jpg 1024w, https:\/\/vecinosdelinterior.com\/wp-content\/uploads\/2023\/09\/DSC_3232-2048x1365-1-300x200.jpg 300w, https:\/\/vecinosdelinterior.com\/wp-content\/uploads\/2023\/09\/DSC_3232-2048x1365-1-768x512.jpg 768w, https:\/\/vecinosdelinterior.com\/wp-content\/uploads\/2023\/09\/DSC_3232-2048x1365-1-1536x1024.jpg 1536w, https:\/\/vecinosdelinterior.com\/wp-content\/uploads\/2023\/09\/DSC_3232-2048x1365-1-750x500.jpg 750w, https:\/\/vecinosdelinterior.com\/wp-content\/uploads\/2023\/09\/DSC_3232-2048x1365-1-1140x760.jpg 1140w, https:\/\/vecinosdelinterior.com\/wp-content\/uploads\/2023\/09\/DSC_3232-2048x1365-1.jpg 2048w\" sizes=\"(max-width: 1024px) 100vw, 1024px\" \/><\/figure>\n\n\n\n<figure class=\"wp-block-image size-large\"><img loading=\"lazy\" decoding=\"async\" width=\"1024\" height=\"683\" data-id=\"695\" src=\"https:\/\/vecinosdelinterior.com\/wp-content\/uploads\/2023\/09\/DSC_3221-2048x1365-1-1024x683.jpg\" alt=\"\" class=\"wp-image-695\" srcset=\"https:\/\/vecinosdelinterior.com\/wp-content\/uploads\/2023\/09\/DSC_3221-2048x1365-1-1024x683.jpg 1024w, https:\/\/vecinosdelinterior.com\/wp-content\/uploads\/2023\/09\/DSC_3221-2048x1365-1-300x200.jpg 300w, https:\/\/vecinosdelinterior.com\/wp-content\/uploads\/2023\/09\/DSC_3221-2048x1365-1-768x512.jpg 768w, https:\/\/vecinosdelinterior.com\/wp-content\/uploads\/2023\/09\/DSC_3221-2048x1365-1-1536x1024.jpg 1536w, https:\/\/vecinosdelinterior.com\/wp-content\/uploads\/2023\/09\/DSC_3221-2048x1365-1-750x500.jpg 750w, https:\/\/vecinosdelinterior.com\/wp-content\/uploads\/2023\/09\/DSC_3221-2048x1365-1-1140x760.jpg 1140w, https:\/\/vecinosdelinterior.com\/wp-content\/uploads\/2023\/09\/DSC_3221-2048x1365-1.jpg 2048w\" sizes=\"(max-width: 1024px) 100vw, 1024px\" \/><\/figure>\n\n\n\n<figure class=\"wp-block-image size-large\"><img loading=\"lazy\" decoding=\"async\" width=\"1024\" height=\"683\" data-id=\"701\" src=\"https:\/\/vecinosdelinterior.com\/wp-content\/uploads\/2023\/09\/DSC_3245-scaled-1-1024x683.jpg\" alt=\"\" class=\"wp-image-701\" srcset=\"https:\/\/vecinosdelinterior.com\/wp-content\/uploads\/2023\/09\/DSC_3245-scaled-1-1024x683.jpg 1024w, https:\/\/vecinosdelinterior.com\/wp-content\/uploads\/2023\/09\/DSC_3245-scaled-1-300x200.jpg 300w, https:\/\/vecinosdelinterior.com\/wp-content\/uploads\/2023\/09\/DSC_3245-scaled-1-768x512.jpg 768w, https:\/\/vecinosdelinterior.com\/wp-content\/uploads\/2023\/09\/DSC_3245-scaled-1-1536x1024.jpg 1536w, https:\/\/vecinosdelinterior.com\/wp-content\/uploads\/2023\/09\/DSC_3245-scaled-1-2048x1366.jpg 2048w, https:\/\/vecinosdelinterior.com\/wp-content\/uploads\/2023\/09\/DSC_3245-scaled-1-750x500.jpg 750w, https:\/\/vecinosdelinterior.com\/wp-content\/uploads\/2023\/09\/DSC_3245-scaled-1-1140x760.jpg 1140w\" sizes=\"(max-width: 1024px) 100vw, 1024px\" \/><\/figure>\n<\/figure>\n\n\n\n<p>Con la actual entrega para todo el nivel primario y 1\u00ba a\u00f1o del secundario, San Luis se convertir\u00e1 en la \u00fanica provincia que tiene a los alumnos, de 1\u00ba grado a 7\u00ba a\u00f1o, con acceso a un dispositivo digital, tablet o notebook.<\/p>\n\n\n\n<p>\u201cHoy estamos entregando alrededor de 382 computadoras a los chicos de primaria, 4.\u00ba, 5.\u00ba, 6.\u00ba grado y chicos de nivel secundario, en 1\u00ba a\u00f1o. Estamos muy contentos, tuvimos una amplia convocatoria. Los chicos est\u00e1n s\u00faper felices y muy emocionados por recibir el dispositivo que est\u00e1 listo para que ellos lo puedan utilizar\u201d, mencion\u00f3 Bel\u00e9n Toranzo, coordinadora del \u00c1rea Educativa 4.0 de la Universidad de la Punta durante el evento.<\/p>\n\n\n\n<p>Como en cada entrega, los m\u00e1s entusiasmados y ansiosos son los chicos de los grados m\u00e1s peque\u00f1os, quienes se mostraron felices a la hora de recibir su computadora que, para muchos de ellos, ser\u00e1 su primera experiencia en contacto con un dispositivo. Alvarado Elian, uno de los beneficiarios, asegur\u00f3: \u201cEstoy muy contento de haber recibido mi computadora\u201d.<\/p>\n\n\n\n<p>Por su parte, Morena, alumna del Centro Educativo N\u00ba19 \u201cSarmiento\u201d, mencion\u00f3: \u201cNunca hab\u00eda tenido una computadora y a esta la voy a utilizar para hacer las tareas\u201d.<\/p>\n\n\n\n<p>Entre otras cosas, los estudiantes recibieron sus dispositivos con el entusiasmo de darle m\u00faltiples usos: \u201cA la computadora la voy a utilizar para las tareas del colegio y, como pasa tiempo, para ver videos de m\u00fasica\u201d, coment\u00f3 Martina Lobbe, alumna del Centro educativo.<\/p>\n","protected":false},"excerpt":{"rendered":"<p>La entrega se realiz\u00f3 este martes en el Centro Educativo N\u00ba19 \u201cSarmiento\u201d, donde alumnos de 4\u00ba, 5\u00ba y 6\u00ba grado del nivel primario y 1\u00ba a\u00f1o del secundario accedieron a su dispositivo. La inclusi\u00f3n digital es una de las pol\u00edticas p\u00fablicas que lleva adelante el Gobierno provincial a trav\u00e9s del Ministerio de Ciencia y Tecnolog\u00eda. [&hellip;]<\/p>\n","protected":false},"author":1,"featured_media":702,"comment_status":"open","ping_status":"open","sticky":false,"template":"","format":"standard","meta":{"footnotes":""},"categories":[8,9],"tags":[207,11],"class_list":["post-694","post","type-post","status-publish","format-standard","has-post-thumbnail","hentry","category-ayacucho","category-san-francisco","tag-entrega-de-computadoras","tag-san-francisco"],"_links":{"self":[{"href":"https:\/\/vecinosdelinterior.com\/index.php\/wp-json\/wp\/v2\/posts\/694","targetHints":{"allow":["GET"]}}],"collection":[{"href":"https:\/\/vecinosdelinterior.com\/index.php\/wp-json\/wp\/v2\/posts"}],"about":[{"href":"https:\/\/vecinosdelinterior.com\/index.php\/wp-json\/wp\/v2\/types\/post"}],"author":[{"embeddable":true,"href":"https:\/\/vecinosdelinterior.com\/index.php\/wp-json\/wp\/v2\/users\/1"}],"replies":[{"embeddable":true,"href":"https:\/\/vecinosdelinterior.com\/index.php\/wp-json\/wp\/v2\/comments?post=694"}],"version-history":[{"count":1,"href":"https:\/\/vecinosdelinterior.com\/index.php\/wp-json\/wp\/v2\/posts\/694\/revisions"}],"predecessor-version":[{"id":703,"href":"https:\/\/vecinosdelinterior.com\/index.php\/wp-json\/wp\/v2\/posts\/694\/revisions\/703"}],"wp:featuredmedia":[{"embeddable":true,"href":"https:\/\/vecinosdelinterior.com\/index.php\/wp-json\/wp\/v2\/media\/702"}],"wp:attachment":[{"href":"https:\/\/vecinosdelinterior.com\/index.php\/wp-json\/wp\/v2\/media?parent=694"}],"wp:term":[{"taxonomy":"category","embeddable":true,"href":"https:\/\/vecinosdelinterior.com\/index.php\/wp-json\/wp\/v2\/categories?post=694"},{"taxonomy":"post_tag","embeddable":true,"href":"https:\/\/vecinosdelinterior.com\/index.php\/wp-json\/wp\/v2\/tags?post=694"}],"curies":[{"name":"wp","href":"https:\/\/api.w.org\/{rel}","templated":true}]}}