{"id":6941,"date":"2026-04-26T20:09:00","date_gmt":"2026-04-26T23:09:00","guid":{"rendered":"https:\/\/vecinosdelinterior.com\/?p=6941"},"modified":"2026-04-26T20:12:54","modified_gmt":"2026-04-26T23:12:54","slug":"secuestran-un-vehiculo-y-un-arma-de-fuego-en-un-procedimiento-de-la-brigada-ambiental-en-concaran","status":"publish","type":"post","link":"https:\/\/vecinosdelinterior.com\/index.php\/2026\/04\/26\/secuestran-un-vehiculo-y-un-arma-de-fuego-en-un-procedimiento-de-la-brigada-ambiental-en-concaran\/","title":{"rendered":"Secuestran un veh\u00edculo y un arma de fuego en un procedimiento de la Brigada Ambiental en Concar\u00e1n"},"content":{"rendered":"\n<p>Vecinos del Interior Puntano \/ 26 de abril<br>Este domingo 26, en horas de la madrugada, personal de la Brigada Ambiental llev\u00f3 adelante un procedimiento en la localidad de Concar\u00e1n, que culmin\u00f3 con el secuestro preventivo de un autom\u00f3vil y diversos elementos, entre ellos un arma de fuego.<br>Durante el operativo, los efectivos identificaron un veh\u00edculo marca Volkswagen Bora, conducido por un hombre de 29 a\u00f1os. Al inspeccionar el rodado, encontraron un machete, una motosierra y un rifle calibre .22 que no presentaba numeraci\u00f3n visible.<\/p>\n\n\n\n<figure class=\"wp-block-gallery has-nested-images columns-default is-cropped wp-block-gallery-1 is-layout-flex wp-block-gallery-is-layout-flex\">\n<figure class=\"wp-block-image size-large\"><img fetchpriority=\"high\" decoding=\"async\" width=\"1024\" height=\"793\" data-id=\"6942\" src=\"https:\/\/vecinosdelinterior.com\/wp-content\/uploads\/2026\/04\/681176998_828318313652190_4602059831292934386_n-1024x793.jpg\" alt=\"\" class=\"wp-image-6942\" srcset=\"https:\/\/vecinosdelinterior.com\/wp-content\/uploads\/2026\/04\/681176998_828318313652190_4602059831292934386_n-1024x793.jpg 1024w, https:\/\/vecinosdelinterior.com\/wp-content\/uploads\/2026\/04\/681176998_828318313652190_4602059831292934386_n-300x232.jpg 300w, https:\/\/vecinosdelinterior.com\/wp-content\/uploads\/2026\/04\/681176998_828318313652190_4602059831292934386_n-768x595.jpg 768w, https:\/\/vecinosdelinterior.com\/wp-content\/uploads\/2026\/04\/681176998_828318313652190_4602059831292934386_n-1536x1189.jpg 1536w, https:\/\/vecinosdelinterior.com\/wp-content\/uploads\/2026\/04\/681176998_828318313652190_4602059831292934386_n-750x581.jpg 750w, https:\/\/vecinosdelinterior.com\/wp-content\/uploads\/2026\/04\/681176998_828318313652190_4602059831292934386_n-1140x883.jpg 1140w, https:\/\/vecinosdelinterior.com\/wp-content\/uploads\/2026\/04\/681176998_828318313652190_4602059831292934386_n.jpg 1600w\" sizes=\"(max-width: 1024px) 100vw, 1024px\" \/><\/figure>\n\n\n\n<figure class=\"wp-block-image size-large\"><img decoding=\"async\" width=\"1024\" height=\"717\" data-id=\"6943\" src=\"https:\/\/vecinosdelinterior.com\/wp-content\/uploads\/2026\/04\/678344401_828318283652193_8383946360921536436_n-1024x717.jpg\" alt=\"\" class=\"wp-image-6943\" srcset=\"https:\/\/vecinosdelinterior.com\/wp-content\/uploads\/2026\/04\/678344401_828318283652193_8383946360921536436_n-1024x717.jpg 1024w, https:\/\/vecinosdelinterior.com\/wp-content\/uploads\/2026\/04\/678344401_828318283652193_8383946360921536436_n-300x210.jpg 300w, https:\/\/vecinosdelinterior.com\/wp-content\/uploads\/2026\/04\/678344401_828318283652193_8383946360921536436_n-768x538.jpg 768w, https:\/\/vecinosdelinterior.com\/wp-content\/uploads\/2026\/04\/678344401_828318283652193_8383946360921536436_n-750x525.jpg 750w, https:\/\/vecinosdelinterior.com\/wp-content\/uploads\/2026\/04\/678344401_828318283652193_8383946360921536436_n-1140x799.jpg 1140w, https:\/\/vecinosdelinterior.com\/wp-content\/uploads\/2026\/04\/678344401_828318283652193_8383946360921536436_n.jpg 1216w\" sizes=\"(max-width: 1024px) 100vw, 1024px\" \/><\/figure>\n<\/figure>\n\n\n\n<p><br>Asimismo, al verificar la documentaci\u00f3n del autom\u00f3vil, se detectaron irregularidades: el veh\u00edculo registraba prohibici\u00f3n de circulaci\u00f3n y carec\u00eda de la documentaci\u00f3n correspondiente, por lo que se labraron las actas de infracci\u00f3n pertinentes.<br>Por disposici\u00f3n de la fiscal adjunta de turno, la Dra. Sandra Aguirre, se procedi\u00f3 al secuestro preventivo del rodado y de los elementos hallados, inici\u00e1ndose actuaciones por \u201caveriguaci\u00f3n de procedencia del automotor\u201d y \u201ctenencia y portaci\u00f3n ilegal de arma de fuego\u201d.<\/p>\n","protected":false},"excerpt":{"rendered":"<p>Vecinos del Interior Puntano \/ 26 de abrilEste domingo 26, en horas de la madrugada, personal de la Brigada Ambiental llev\u00f3 adelante un procedimiento en la localidad de Concar\u00e1n, que culmin\u00f3 con el secuestro preventivo de un autom\u00f3vil y diversos elementos, entre ellos un arma de fuego.Durante el operativo, los efectivos identificaron un veh\u00edculo marca [&hellip;]<\/p>\n","protected":false},"author":1,"featured_media":6943,"comment_status":"open","ping_status":"open","sticky":false,"template":"","format":"standard","meta":{"footnotes":""},"categories":[29,223],"tags":[],"class_list":["post-6941","post","type-post","status-publish","format-standard","has-post-thumbnail","hentry","category-chacabuco","category-concaran"],"_links":{"self":[{"href":"https:\/\/vecinosdelinterior.com\/index.php\/wp-json\/wp\/v2\/posts\/6941","targetHints":{"allow":["GET"]}}],"collection":[{"href":"https:\/\/vecinosdelinterior.com\/index.php\/wp-json\/wp\/v2\/posts"}],"about":[{"href":"https:\/\/vecinosdelinterior.com\/index.php\/wp-json\/wp\/v2\/types\/post"}],"author":[{"embeddable":true,"href":"https:\/\/vecinosdelinterior.com\/index.php\/wp-json\/wp\/v2\/users\/1"}],"replies":[{"embeddable":true,"href":"https:\/\/vecinosdelinterior.com\/index.php\/wp-json\/wp\/v2\/comments?post=6941"}],"version-history":[{"count":1,"href":"https:\/\/vecinosdelinterior.com\/index.php\/wp-json\/wp\/v2\/posts\/6941\/revisions"}],"predecessor-version":[{"id":6945,"href":"https:\/\/vecinosdelinterior.com\/index.php\/wp-json\/wp\/v2\/posts\/6941\/revisions\/6945"}],"wp:featuredmedia":[{"embeddable":true,"href":"https:\/\/vecinosdelinterior.com\/index.php\/wp-json\/wp\/v2\/media\/6943"}],"wp:attachment":[{"href":"https:\/\/vecinosdelinterior.com\/index.php\/wp-json\/wp\/v2\/media?parent=6941"}],"wp:term":[{"taxonomy":"category","embeddable":true,"href":"https:\/\/vecinosdelinterior.com\/index.php\/wp-json\/wp\/v2\/categories?post=6941"},{"taxonomy":"post_tag","embeddable":true,"href":"https:\/\/vecinosdelinterior.com\/index.php\/wp-json\/wp\/v2\/tags?post=6941"}],"curies":[{"name":"wp","href":"https:\/\/api.w.org\/{rel}","templated":true}]}}