{"id":6952,"date":"2026-04-27T10:54:00","date_gmt":"2026-04-27T13:54:00","guid":{"rendered":"https:\/\/vecinosdelinterior.com\/?p=6952"},"modified":"2026-04-27T11:55:39","modified_gmt":"2026-04-27T14:55:39","slug":"hicieron-mejoras-edilicias-en-la-terminal-de-omnibus-de-villa-de-la-quebrada","status":"publish","type":"post","link":"https:\/\/vecinosdelinterior.com\/index.php\/2026\/04\/27\/hicieron-mejoras-edilicias-en-la-terminal-de-omnibus-de-villa-de-la-quebrada\/","title":{"rendered":"Hicieron mejoras edilicias en la Terminal de \u00d3mnibus de Villa de la Quebrada"},"content":{"rendered":"\n<p>VECINOSDELINTERIOR.COM \/ 27 DE ABRIL<br>La Terminal de \u00d3mnibus de Villa de la Quebrada se prepara con renovaciones para recibir a los miles de fieles, peregrinos y turistas que llegar\u00e1n para participar de la celebraci\u00f3n del Santo Cristo.<br>Con la proximidad de la tradicional festividad del Cristo de la Quebrada, la Estaci\u00f3n de \u00d3mnibus de la localidad fue escenario de una serie de mejoras edilicias y operativas orientadas a optimizar el funcionamiento del edificio.<br>Estas intervenciones forman parte de un plan integral impulsado por la secretar\u00eda de Transporte, el cual contempl\u00f3 dos ejes principales: mantenimiento el\u00e9ctrico y trabajos de alba\u00f1iler\u00eda, con un impacto directo en la calidad del servicio diario.<br>Detalle de las intervenciones realizadas:<br>\u2013Mantenimiento integral del sistema el\u00e9ctrico: que incluy\u00f3 la reorganizaci\u00f3n de circuitos e intervenciones en sectores clave, como las d\u00e1rsenas y los sanitarios. Adem\u00e1s, se realiz\u00f3 el reemplazo del cableado y la instalaci\u00f3n de nuevas luminarias. Estas tareas apuntaron a mejorar la seguridad, prevenir fallas y asegurar un funcionamiento m\u00e1s eficiente de las instalaciones.<br>\u2013Actualizaci\u00f3n de la infraestructura h\u00eddrica: Se realiz\u00f3 el retiro y la colocaci\u00f3n de nuevos tanques de agua para reemplazar a los anteriores, que presentaban deterioro y filtraciones. A esto se sum\u00f3 la ampliaci\u00f3n del acceso al sector de cisternas, una obra necesaria para facilitar la instalaci\u00f3n y garantizar el correcto funcionamiento del sistema de abastecimiento.<br>\u2013Mantenimiento general e higiene: Las mejoras tambi\u00e9n abarcaron el reacondicionamiento de las d\u00e1rsenas, la provisi\u00f3n de elementos de higiene para el personal y la optimizaci\u00f3n de los sanitarios, lo que incluy\u00f3 la incorporaci\u00f3n de nuevas canillas autom\u00e1ticas y tareas de mantenimiento en la grifer\u00eda existente.<br>Con estas acciones, la Terminal de Villa de la Quebrada avanza en un proceso de puesta en valor, reafirmando su rol como punto estrat\u00e9gico de conexi\u00f3n para residentes y visitantes, especialmente en un contexto de alta circulaci\u00f3n como el que caracteriza a la localidad durante la tradicional festividad del Cristo de la Quebrada.<br>\u201cNos preparamos no solo para brindar un servicio m\u00e1s eficiente y seguro en el d\u00eda a d\u00eda, sino tambi\u00e9n para recibir a los miles de fieles y turistas que transitan por nuestras instalaciones durante las festividades\u201d, expres\u00f3 Hugo Alcaraz, jefe del \u00c1rea Administrativa de la Terminal.<\/p>\n","protected":false},"excerpt":{"rendered":"<p>VECINOSDELINTERIOR.COM \/ 27 DE ABRILLa Terminal de \u00d3mnibus de Villa de la Quebrada se prepara con renovaciones para recibir a los miles de fieles, peregrinos y turistas que llegar\u00e1n para participar de la celebraci\u00f3n del Santo Cristo.Con la proximidad de la tradicional festividad del Cristo de la Quebrada, la Estaci\u00f3n de \u00d3mnibus de la localidad [&hellip;]<\/p>\n","protected":false},"author":1,"featured_media":6953,"comment_status":"open","ping_status":"open","sticky":false,"template":"","format":"standard","meta":{"footnotes":""},"categories":[92,93],"tags":[],"class_list":["post-6952","post","type-post","status-publish","format-standard","has-post-thumbnail","hentry","category-belgrano","category-villa-de-la-quebrada"],"_links":{"self":[{"href":"https:\/\/vecinosdelinterior.com\/index.php\/wp-json\/wp\/v2\/posts\/6952","targetHints":{"allow":["GET"]}}],"collection":[{"href":"https:\/\/vecinosdelinterior.com\/index.php\/wp-json\/wp\/v2\/posts"}],"about":[{"href":"https:\/\/vecinosdelinterior.com\/index.php\/wp-json\/wp\/v2\/types\/post"}],"author":[{"embeddable":true,"href":"https:\/\/vecinosdelinterior.com\/index.php\/wp-json\/wp\/v2\/users\/1"}],"replies":[{"embeddable":true,"href":"https:\/\/vecinosdelinterior.com\/index.php\/wp-json\/wp\/v2\/comments?post=6952"}],"version-history":[{"count":1,"href":"https:\/\/vecinosdelinterior.com\/index.php\/wp-json\/wp\/v2\/posts\/6952\/revisions"}],"predecessor-version":[{"id":6954,"href":"https:\/\/vecinosdelinterior.com\/index.php\/wp-json\/wp\/v2\/posts\/6952\/revisions\/6954"}],"wp:featuredmedia":[{"embeddable":true,"href":"https:\/\/vecinosdelinterior.com\/index.php\/wp-json\/wp\/v2\/media\/6953"}],"wp:attachment":[{"href":"https:\/\/vecinosdelinterior.com\/index.php\/wp-json\/wp\/v2\/media?parent=6952"}],"wp:term":[{"taxonomy":"category","embeddable":true,"href":"https:\/\/vecinosdelinterior.com\/index.php\/wp-json\/wp\/v2\/categories?post=6952"},{"taxonomy":"post_tag","embeddable":true,"href":"https:\/\/vecinosdelinterior.com\/index.php\/wp-json\/wp\/v2\/tags?post=6952"}],"curies":[{"name":"wp","href":"https:\/\/api.w.org\/{rel}","templated":true}]}}