{"id":6955,"date":"2026-04-29T13:15:31","date_gmt":"2026-04-29T16:15:31","guid":{"rendered":"https:\/\/vecinosdelinterior.com\/?p=6955"},"modified":"2026-04-29T13:16:34","modified_gmt":"2026-04-29T16:16:34","slug":"regionalizacion-en-busca-de-potenciar-el-interior-y-fortalecer-los-municipios-un-proyecto-impulsado-por-el-senador-del-pj-despierta-interes","status":"publish","type":"post","link":"https:\/\/vecinosdelinterior.com\/index.php\/2026\/04\/29\/regionalizacion-en-busca-de-potenciar-el-interior-y-fortalecer-los-municipios-un-proyecto-impulsado-por-el-senador-del-pj-despierta-interes\/","title":{"rendered":"Regionalizaci\u00f3n: En busca de potenciar el interior y fortalecer los municipios, un proyecto impulsado por el senador del PJ despierta inter\u00e9s"},"content":{"rendered":"\n<p>VECINOSDELINTERIOR.COM \/ 29 DE ABRIL<br>Hugo Olgu\u00edn, del bloque del PJ del Senado de San Luis avanza con un proyecto clave para el futuro de la provincia: la regionalizaci\u00f3n del territorio, una iniciativa presentada por el senador Hugo Olgu\u00edn que busca transformar de fondo el esquema de gesti\u00f3n actual. La propuesta apunta a dejar atr\u00e1s la concentraci\u00f3n de decisiones y construir un modelo m\u00e1s equitativo, donde el interior tenga un rol protag\u00f3nico y las pol\u00edticas p\u00fablicas respondan a las realidades de cada regi\u00f3n.<br>El proyecto plantea dividir la provincia en seis regiones funcionales, definidas por criterios geogr\u00e1ficos, productivos, sociales y culturales, con el objetivo de adaptar las decisiones a las necesidades concretas de cada zona. Lejos de crear nuevas estructuras pol\u00edticas, la iniciativa promueve una descentralizaci\u00f3n administrativa que acerque el Estado a la gente y mejore la capacidad de respuesta en cada comunidad.<\/p>\n\n\n\n<figure class=\"wp-block-image size-full\"><img fetchpriority=\"high\" decoding=\"async\" width=\"664\" height=\"426\" src=\"https:\/\/vecinosdelinterior.com\/wp-content\/uploads\/2026\/04\/pepe-olguin.png\" alt=\"\" class=\"wp-image-6956\" srcset=\"https:\/\/vecinosdelinterior.com\/wp-content\/uploads\/2026\/04\/pepe-olguin.png 664w, https:\/\/vecinosdelinterior.com\/wp-content\/uploads\/2026\/04\/pepe-olguin-300x192.png 300w\" sizes=\"(max-width: 664px) 100vw, 664px\" \/><\/figure>\n\n\n\n<p><br>Uno de los puntos centrales es el fortalecimiento de los municipios, que pasar\u00e1n a tener mayor participaci\u00f3n en la planificaci\u00f3n del desarrollo. A trav\u00e9s de la creaci\u00f3n de Consejos Regionales \u2014integrados por intendentes, legisladores y actores locales\u2014 se buscar\u00e1 definir prioridades, coordinar inversiones y dise\u00f1ar estrategias acordes a cada territorio. Adem\u00e1s, se impulsa el trabajo conjunto mediante microregiones y entes intermunicipales, una herramienta clave para optimizar recursos, reducir costos y encarar obras de manera asociada.<br>La iniciativa tambi\u00e9n pone el foco en el desarrollo productivo, reconociendo la diversidad de la provincia y la necesidad de pol\u00edticas diferenciadas que potencien sectores como el agro, la industria y el turismo. En este sentido, la regionalizaci\u00f3n aparece como una herramienta fundamental para equilibrar oportunidades, reducir desigualdades y generar crecimiento sostenido en todo el territorio.<br>Con una mirada estrat\u00e9gica, el proyecto del PJ busca consolidar un nuevo esquema de gobernanza m\u00e1s justo y eficiente, que respete la autonom\u00eda municipal pero al mismo tiempo brinde herramientas concretas para la gesti\u00f3n conjunta. Se trata de una propuesta que instala un debate profundo sobre el federalismo interno y marca un paso importante hacia una provincia m\u00e1s integrada, con municipios fortalecidos y mayor protagonismo del interior.<\/p>\n","protected":false},"excerpt":{"rendered":"<p>VECINOSDELINTERIOR.COM \/ 29 DE ABRILHugo Olgu\u00edn, del bloque del PJ del Senado de San Luis avanza con un proyecto clave para el futuro de la provincia: la regionalizaci\u00f3n del territorio, una iniciativa presentada por el senador Hugo Olgu\u00edn que busca transformar de fondo el esquema de gesti\u00f3n actual. La propuesta apunta a dejar atr\u00e1s la [&hellip;]<\/p>\n","protected":false},"author":1,"featured_media":6956,"comment_status":"open","ping_status":"open","sticky":false,"template":"","format":"standard","meta":{"footnotes":""},"categories":[29,80,30],"tags":[],"class_list":["post-6955","post","type-post","status-publish","format-standard","has-post-thumbnail","hentry","category-chacabuco","category-general","category-tilisarao"],"_links":{"self":[{"href":"https:\/\/vecinosdelinterior.com\/index.php\/wp-json\/wp\/v2\/posts\/6955","targetHints":{"allow":["GET"]}}],"collection":[{"href":"https:\/\/vecinosdelinterior.com\/index.php\/wp-json\/wp\/v2\/posts"}],"about":[{"href":"https:\/\/vecinosdelinterior.com\/index.php\/wp-json\/wp\/v2\/types\/post"}],"author":[{"embeddable":true,"href":"https:\/\/vecinosdelinterior.com\/index.php\/wp-json\/wp\/v2\/users\/1"}],"replies":[{"embeddable":true,"href":"https:\/\/vecinosdelinterior.com\/index.php\/wp-json\/wp\/v2\/comments?post=6955"}],"version-history":[{"count":1,"href":"https:\/\/vecinosdelinterior.com\/index.php\/wp-json\/wp\/v2\/posts\/6955\/revisions"}],"predecessor-version":[{"id":6957,"href":"https:\/\/vecinosdelinterior.com\/index.php\/wp-json\/wp\/v2\/posts\/6955\/revisions\/6957"}],"wp:featuredmedia":[{"embeddable":true,"href":"https:\/\/vecinosdelinterior.com\/index.php\/wp-json\/wp\/v2\/media\/6956"}],"wp:attachment":[{"href":"https:\/\/vecinosdelinterior.com\/index.php\/wp-json\/wp\/v2\/media?parent=6955"}],"wp:term":[{"taxonomy":"category","embeddable":true,"href":"https:\/\/vecinosdelinterior.com\/index.php\/wp-json\/wp\/v2\/categories?post=6955"},{"taxonomy":"post_tag","embeddable":true,"href":"https:\/\/vecinosdelinterior.com\/index.php\/wp-json\/wp\/v2\/tags?post=6955"}],"curies":[{"name":"wp","href":"https:\/\/api.w.org\/{rel}","templated":true}]}}