{"id":6958,"date":"2026-04-29T13:12:57","date_gmt":"2026-04-29T16:12:57","guid":{"rendered":"https:\/\/vecinosdelinterior.com\/?p=6958"},"modified":"2026-04-29T13:12:57","modified_gmt":"2026-04-29T16:12:57","slug":"buena-esperanza-actualiza-la-tasa-de-abl-ante-la-caida-de-recursos-y-busca-garantizar-servicios-esenciales","status":"publish","type":"post","link":"https:\/\/vecinosdelinterior.com\/index.php\/2026\/04\/29\/buena-esperanza-actualiza-la-tasa-de-abl-ante-la-caida-de-recursos-y-busca-garantizar-servicios-esenciales\/","title":{"rendered":"Buena Esperanza actualiza la tasa de ABL ante la ca\u00edda de recursos y busca garantizar servicios esenciales"},"content":{"rendered":"\n<p>La Municipalidad de Buena Esperanza inform\u00f3 a la comunidad que, en el actual contexto econ\u00f3mico, se produjo una disminuci\u00f3n en los fondos de coparticipaci\u00f3n, lo que impacta directamente en la administraci\u00f3n local. Frente a este escenario, y tras un an\u00e1lisis de la situaci\u00f3n, se dispuso la actualizaci\u00f3n de la tasa de Alumbrado, Barrido y Limpieza (ABL) con el objetivo de asegurar la continuidad de los servicios b\u00e1sicos.<\/p>\n\n\n\n<p>A partir de mayo, el valor de la tasa ser\u00e1 de $18.000 y se ver\u00e1 reflejado en la boleta de Edesal, correspondiente al servicio el\u00e9ctrico. Desde el Municipio aclararon que esta medida no incluye el cobro del agua, que seguir\u00e1 siendo gratuita en la localidad, y que tampoco habr\u00e1 aumentos en los impuestos comerciales, que mantendr\u00e1n sus valores actuales.<\/p>\n\n\n\n<p>Seg\u00fan se indic\u00f3, la actualizaci\u00f3n permitir\u00e1 sostener tareas fundamentales como el mantenimiento de calles, el alumbrado p\u00fablico, la recolecci\u00f3n de residuos y otras acciones vinculadas al orden y la limpieza, adem\u00e1s de continuar con mejoras en distintos sectores del pueblo. En paralelo, la gesti\u00f3n asegur\u00f3 que se mantienen las pol\u00edticas de acompa\u00f1amiento social, especialmente dirigidas a familias en situaci\u00f3n de vulnerabilidad.<\/p>\n\n\n\n<p>De esta manera, el Municipio reafirm\u00f3 su compromiso con una administraci\u00f3n responsable de los recursos, la prestaci\u00f3n de servicios esenciales y el acompa\u00f1amiento permanente a los vecinos.<\/p>\n\n\n\n<figure class=\"wp-block-image size-large\"><img fetchpriority=\"high\" decoding=\"async\" width=\"819\" height=\"1024\" src=\"https:\/\/vecinosdelinterior.com\/wp-content\/uploads\/2026\/04\/682618428_122263198052146161_7630088342615467401_n-819x1024.jpg\" alt=\"\" class=\"wp-image-6959\" srcset=\"https:\/\/vecinosdelinterior.com\/wp-content\/uploads\/2026\/04\/682618428_122263198052146161_7630088342615467401_n-819x1024.jpg 819w, https:\/\/vecinosdelinterior.com\/wp-content\/uploads\/2026\/04\/682618428_122263198052146161_7630088342615467401_n-240x300.jpg 240w, https:\/\/vecinosdelinterior.com\/wp-content\/uploads\/2026\/04\/682618428_122263198052146161_7630088342615467401_n-768x960.jpg 768w, https:\/\/vecinosdelinterior.com\/wp-content\/uploads\/2026\/04\/682618428_122263198052146161_7630088342615467401_n-750x938.jpg 750w, https:\/\/vecinosdelinterior.com\/wp-content\/uploads\/2026\/04\/682618428_122263198052146161_7630088342615467401_n.jpg 1024w\" sizes=\"(max-width: 819px) 100vw, 819px\" \/><\/figure>\n","protected":false},"excerpt":{"rendered":"<p>La Municipalidad de Buena Esperanza inform\u00f3 a la comunidad que, en el actual contexto econ\u00f3mico, se produjo una disminuci\u00f3n en los fondos de coparticipaci\u00f3n, lo que impacta directamente en la administraci\u00f3n local. Frente a este escenario, y tras un an\u00e1lisis de la situaci\u00f3n, se dispuso la actualizaci\u00f3n de la tasa de Alumbrado, Barrido y Limpieza [&hellip;]<\/p>\n","protected":false},"author":1,"featured_media":6959,"comment_status":"open","ping_status":"open","sticky":false,"template":"","format":"standard","meta":{"footnotes":""},"categories":[18,16],"tags":[],"class_list":["post-6958","post","type-post","status-publish","format-standard","has-post-thumbnail","hentry","category-buena-esperanza-dupuy","category-dupuy"],"_links":{"self":[{"href":"https:\/\/vecinosdelinterior.com\/index.php\/wp-json\/wp\/v2\/posts\/6958","targetHints":{"allow":["GET"]}}],"collection":[{"href":"https:\/\/vecinosdelinterior.com\/index.php\/wp-json\/wp\/v2\/posts"}],"about":[{"href":"https:\/\/vecinosdelinterior.com\/index.php\/wp-json\/wp\/v2\/types\/post"}],"author":[{"embeddable":true,"href":"https:\/\/vecinosdelinterior.com\/index.php\/wp-json\/wp\/v2\/users\/1"}],"replies":[{"embeddable":true,"href":"https:\/\/vecinosdelinterior.com\/index.php\/wp-json\/wp\/v2\/comments?post=6958"}],"version-history":[{"count":1,"href":"https:\/\/vecinosdelinterior.com\/index.php\/wp-json\/wp\/v2\/posts\/6958\/revisions"}],"predecessor-version":[{"id":6960,"href":"https:\/\/vecinosdelinterior.com\/index.php\/wp-json\/wp\/v2\/posts\/6958\/revisions\/6960"}],"wp:featuredmedia":[{"embeddable":true,"href":"https:\/\/vecinosdelinterior.com\/index.php\/wp-json\/wp\/v2\/media\/6959"}],"wp:attachment":[{"href":"https:\/\/vecinosdelinterior.com\/index.php\/wp-json\/wp\/v2\/media?parent=6958"}],"wp:term":[{"taxonomy":"category","embeddable":true,"href":"https:\/\/vecinosdelinterior.com\/index.php\/wp-json\/wp\/v2\/categories?post=6958"},{"taxonomy":"post_tag","embeddable":true,"href":"https:\/\/vecinosdelinterior.com\/index.php\/wp-json\/wp\/v2\/tags?post=6958"}],"curies":[{"name":"wp","href":"https:\/\/api.w.org\/{rel}","templated":true}]}}