{"id":6971,"date":"2026-04-29T00:14:48","date_gmt":"2026-04-29T03:14:48","guid":{"rendered":"https:\/\/vecinosdelinterior.com\/?p=6971"},"modified":"2026-04-30T00:16:02","modified_gmt":"2026-04-30T03:16:02","slug":"quines-secuestraron-una-motocicleta-sin-documentacion-en-la-que-circulaban-dos-adolescentes","status":"publish","type":"post","link":"https:\/\/vecinosdelinterior.com\/index.php\/2026\/04\/29\/quines-secuestraron-una-motocicleta-sin-documentacion-en-la-que-circulaban-dos-adolescentes\/","title":{"rendered":"Quines: secuestraron una motocicleta sin documentaci\u00f3n en la que circulaban dos adolescentes"},"content":{"rendered":"\n<p>VECINOSDELINTERIOR.COM \/ 29 DE ABRIL<br>Este mi\u00e9rcoles por la tarde, polic\u00edas de la Divisi\u00f3n Respuesta Inmediata Motorizada (DRIM) de la UROP N\u00b0 5 llevaron a cabo un procedimiento en la localidad de Quines, donde secuestraron una motocicleta sin documentaci\u00f3n.<br>En el marco de un recorrido preventivo por calle Pueyrred\u00f3n, entre las calles Belgrano y Pringles, los uniformados identificaron a dos chicas de 15 a\u00f1os de edad, quienes circulaban en una motocicleta Honda XR 150.<br>Durante el accionar policial, las adolescentes manifestaron que no ten\u00edan la documentaci\u00f3n del rodado, adem\u00e1s de no tener la edad para contar con licencia de conducir.<br>En ese sentido, la moto fue secuestrada preventivamente y trasladada a la Comisar\u00eda Distrito 15\u00b0, mientras que las dos adolescentes fueron puestas al resguardo por personal de la Comisar\u00eda de Atenci\u00f3n a la Ni\u00f1ez, Adolescencia y Familia (CANAF).<\/p>\n","protected":false},"excerpt":{"rendered":"<p>VECINOSDELINTERIOR.COM \/ 29 DE ABRILEste mi\u00e9rcoles por la tarde, polic\u00edas de la Divisi\u00f3n Respuesta Inmediata Motorizada (DRIM) de la UROP N\u00b0 5 llevaron a cabo un procedimiento en la localidad de Quines, donde secuestraron una motocicleta sin documentaci\u00f3n.En el marco de un recorrido preventivo por calle Pueyrred\u00f3n, entre las calles Belgrano y Pringles, los uniformados [&hellip;]<\/p>\n","protected":false},"author":1,"featured_media":6972,"comment_status":"open","ping_status":"open","sticky":false,"template":"","format":"standard","meta":{"footnotes":""},"categories":[8,54],"tags":[],"class_list":["post-6971","post","type-post","status-publish","format-standard","has-post-thumbnail","hentry","category-ayacucho","category-quines-ayacucho"],"_links":{"self":[{"href":"https:\/\/vecinosdelinterior.com\/index.php\/wp-json\/wp\/v2\/posts\/6971","targetHints":{"allow":["GET"]}}],"collection":[{"href":"https:\/\/vecinosdelinterior.com\/index.php\/wp-json\/wp\/v2\/posts"}],"about":[{"href":"https:\/\/vecinosdelinterior.com\/index.php\/wp-json\/wp\/v2\/types\/post"}],"author":[{"embeddable":true,"href":"https:\/\/vecinosdelinterior.com\/index.php\/wp-json\/wp\/v2\/users\/1"}],"replies":[{"embeddable":true,"href":"https:\/\/vecinosdelinterior.com\/index.php\/wp-json\/wp\/v2\/comments?post=6971"}],"version-history":[{"count":1,"href":"https:\/\/vecinosdelinterior.com\/index.php\/wp-json\/wp\/v2\/posts\/6971\/revisions"}],"predecessor-version":[{"id":6973,"href":"https:\/\/vecinosdelinterior.com\/index.php\/wp-json\/wp\/v2\/posts\/6971\/revisions\/6973"}],"wp:featuredmedia":[{"embeddable":true,"href":"https:\/\/vecinosdelinterior.com\/index.php\/wp-json\/wp\/v2\/media\/6972"}],"wp:attachment":[{"href":"https:\/\/vecinosdelinterior.com\/index.php\/wp-json\/wp\/v2\/media?parent=6971"}],"wp:term":[{"taxonomy":"category","embeddable":true,"href":"https:\/\/vecinosdelinterior.com\/index.php\/wp-json\/wp\/v2\/categories?post=6971"},{"taxonomy":"post_tag","embeddable":true,"href":"https:\/\/vecinosdelinterior.com\/index.php\/wp-json\/wp\/v2\/tags?post=6971"}],"curies":[{"name":"wp","href":"https:\/\/api.w.org\/{rel}","templated":true}]}}