{"id":6974,"date":"2026-05-01T14:49:59","date_gmt":"2026-05-01T17:49:59","guid":{"rendered":"https:\/\/vecinosdelinterior.com\/?p=6974"},"modified":"2026-05-01T14:50:01","modified_gmt":"2026-05-01T17:50:01","slug":"una-mujer-y-su-hija-fallecieron-tras-el-choque-entre-un-camion-y-una-furgoneta-en-la-ruta-nacional-146","status":"publish","type":"post","link":"https:\/\/vecinosdelinterior.com\/index.php\/2026\/05\/01\/una-mujer-y-su-hija-fallecieron-tras-el-choque-entre-un-camion-y-una-furgoneta-en-la-ruta-nacional-146\/","title":{"rendered":"Una mujer y su hija fallecieron tras el choque entre un cami\u00f3n y una furgoneta en la ruta nacional 146"},"content":{"rendered":"\n<p>VECINOSDELINTERIOR.COM \/ 01 DE MAYO<br>Desde la Comisar\u00eda Distrito 46\u00b0 informaron que este viernes 1 de mayo a la madrugada, alrededor de las 3:00, se produjo un accidente de tr\u00e1nsito a la altura del kil\u00f3metro 161 de la ruta nacional 146, a unos 20 kil\u00f3metros al norte de la localidad de Beazley.<\/p>\n\n\n\n<figure class=\"wp-block-gallery has-nested-images columns-default is-cropped wp-block-gallery-1 is-layout-flex wp-block-gallery-is-layout-flex\">\n<figure class=\"wp-block-image size-large\"><img fetchpriority=\"high\" decoding=\"async\" width=\"1024\" height=\"770\" data-id=\"6976\" src=\"https:\/\/vecinosdelinterior.com\/wp-content\/uploads\/2026\/05\/WhatsApp-Image-2026-05-01-at-2.16.09-PM-1024x770.jpeg\" alt=\"\" class=\"wp-image-6976\" srcset=\"https:\/\/vecinosdelinterior.com\/wp-content\/uploads\/2026\/05\/WhatsApp-Image-2026-05-01-at-2.16.09-PM-1024x770.jpeg 1024w, https:\/\/vecinosdelinterior.com\/wp-content\/uploads\/2026\/05\/WhatsApp-Image-2026-05-01-at-2.16.09-PM-300x226.jpeg 300w, https:\/\/vecinosdelinterior.com\/wp-content\/uploads\/2026\/05\/WhatsApp-Image-2026-05-01-at-2.16.09-PM-768x578.jpeg 768w, https:\/\/vecinosdelinterior.com\/wp-content\/uploads\/2026\/05\/WhatsApp-Image-2026-05-01-at-2.16.09-PM-750x564.jpeg 750w, https:\/\/vecinosdelinterior.com\/wp-content\/uploads\/2026\/05\/WhatsApp-Image-2026-05-01-at-2.16.09-PM-1140x858.jpeg 1140w, https:\/\/vecinosdelinterior.com\/wp-content\/uploads\/2026\/05\/WhatsApp-Image-2026-05-01-at-2.16.09-PM.jpeg 1280w\" sizes=\"(max-width: 1024px) 100vw, 1024px\" \/><\/figure>\n\n\n\n<figure class=\"wp-block-image size-large\"><img decoding=\"async\" width=\"738\" height=\"562\" data-id=\"6977\" src=\"https:\/\/vecinosdelinterior.com\/wp-content\/uploads\/2026\/05\/WhatsApp-Image-2026-05-01-at-2.16.08-PM.jpeg\" alt=\"\" class=\"wp-image-6977\" srcset=\"https:\/\/vecinosdelinterior.com\/wp-content\/uploads\/2026\/05\/WhatsApp-Image-2026-05-01-at-2.16.08-PM.jpeg 738w, https:\/\/vecinosdelinterior.com\/wp-content\/uploads\/2026\/05\/WhatsApp-Image-2026-05-01-at-2.16.08-PM-300x228.jpeg 300w\" sizes=\"(max-width: 738px) 100vw, 738px\" \/><\/figure>\n\n\n\n<figure class=\"wp-block-image size-large\"><img decoding=\"async\" width=\"770\" height=\"440\" data-id=\"6975\" src=\"https:\/\/vecinosdelinterior.com\/wp-content\/uploads\/2026\/05\/1777635962345.webp\" alt=\"\" class=\"wp-image-6975\" srcset=\"https:\/\/vecinosdelinterior.com\/wp-content\/uploads\/2026\/05\/1777635962345.webp 770w, https:\/\/vecinosdelinterior.com\/wp-content\/uploads\/2026\/05\/1777635962345-300x171.webp 300w, https:\/\/vecinosdelinterior.com\/wp-content\/uploads\/2026\/05\/1777635962345-768x439.webp 768w, https:\/\/vecinosdelinterior.com\/wp-content\/uploads\/2026\/05\/1777635962345-750x429.webp 750w\" sizes=\"(max-width: 770px) 100vw, 770px\" \/><\/figure>\n<\/figure>\n\n\n\n<p><br>En ese sitio, por razones que se tratan de establecer, colisionaron un cami\u00f3n Mercedes Benz 1735 con semirremolque que era conducido por un hombre de 53 a\u00f1os de edad, quien iba en compa\u00f1\u00eda de una mujer de 45 a\u00f1os (ambos con domicilio en San Rafael, Mendoza), y una furgoneta Citro\u00ebn Berlingo que era conducida por un hombre de 35 a\u00f1os de edad, quien iba en compa\u00f1\u00eda de su pareja de 32 a\u00f1os y su hija de 1 a\u00f1o y 7 meses (todos con domicilio en San Rafael, Mendoza).<br>De acuerdo a las averiguaciones policiales, el cami\u00f3n circulaba de norte a sur por la mencionada ruta, mientras que la furgoneta lo hac\u00eda de sur a norte.<br>A ra\u00edz del impacto, la mujer de 32 a\u00f1os que iba como acompa\u00f1ante en la Citro\u00ebn Berlingo y su hija de 1 a\u00f1o y 7 meses fallecieron en el lugar.<br>En tanto, el hombre de 35 a\u00f1os que conduc\u00eda dicho veh\u00edculo result\u00f3 con distintas heridas, por lo que fue asistido por personal de salud en ese sitio y luego fue trasladado en ambulancia hacia el Hospital Central \u201cDr. Ram\u00f3n Carrillo\u201d de San Luis para recibir atenci\u00f3n m\u00e9dica m\u00e1s compleja. Posteriormente, en horas de la ma\u00f1ana, fue dado de alta.<br>Cabe se\u00f1alar que el hombre y la mujer que circulaban en el cami\u00f3n no resultaron heridos.<br>En el lugar tambi\u00e9n trabajaron efectivos de la Direcci\u00f3n General de Bomberos de la Polic\u00eda.<br>Las autoridades contin\u00faan con las tareas investigativas para establecer las causas del accidente.<br>Intervino la Fiscal\u00eda de Instrucci\u00f3n N\u00b0 2 de la Primera Circunscripci\u00f3n Judicial y la causa fue caratulada como \u201cAveriguaci\u00f3n doble homicidio y lesiones culposas en accidente de tr\u00e1nsito\u201d.<\/p>\n","protected":false},"excerpt":{"rendered":"<p>VECINOSDELINTERIOR.COM \/ 01 DE MAYODesde la Comisar\u00eda Distrito 46\u00b0 informaron que este viernes 1 de mayo a la madrugada, alrededor de las 3:00, se produjo un accidente de tr\u00e1nsito a la altura del kil\u00f3metro 161 de la ruta nacional 146, a unos 20 kil\u00f3metros al norte de la localidad de Beazley. En ese sitio, por [&hellip;]<\/p>\n","protected":false},"author":1,"featured_media":6977,"comment_status":"open","ping_status":"open","sticky":false,"template":"","format":"standard","meta":{"footnotes":""},"categories":[139,12],"tags":[],"class_list":["post-6974","post","type-post","status-publish","format-standard","has-post-thumbnail","hentry","category-beazley","category-pueyrredon"],"_links":{"self":[{"href":"https:\/\/vecinosdelinterior.com\/index.php\/wp-json\/wp\/v2\/posts\/6974","targetHints":{"allow":["GET"]}}],"collection":[{"href":"https:\/\/vecinosdelinterior.com\/index.php\/wp-json\/wp\/v2\/posts"}],"about":[{"href":"https:\/\/vecinosdelinterior.com\/index.php\/wp-json\/wp\/v2\/types\/post"}],"author":[{"embeddable":true,"href":"https:\/\/vecinosdelinterior.com\/index.php\/wp-json\/wp\/v2\/users\/1"}],"replies":[{"embeddable":true,"href":"https:\/\/vecinosdelinterior.com\/index.php\/wp-json\/wp\/v2\/comments?post=6974"}],"version-history":[{"count":1,"href":"https:\/\/vecinosdelinterior.com\/index.php\/wp-json\/wp\/v2\/posts\/6974\/revisions"}],"predecessor-version":[{"id":6978,"href":"https:\/\/vecinosdelinterior.com\/index.php\/wp-json\/wp\/v2\/posts\/6974\/revisions\/6978"}],"wp:featuredmedia":[{"embeddable":true,"href":"https:\/\/vecinosdelinterior.com\/index.php\/wp-json\/wp\/v2\/media\/6977"}],"wp:attachment":[{"href":"https:\/\/vecinosdelinterior.com\/index.php\/wp-json\/wp\/v2\/media?parent=6974"}],"wp:term":[{"taxonomy":"category","embeddable":true,"href":"https:\/\/vecinosdelinterior.com\/index.php\/wp-json\/wp\/v2\/categories?post=6974"},{"taxonomy":"post_tag","embeddable":true,"href":"https:\/\/vecinosdelinterior.com\/index.php\/wp-json\/wp\/v2\/tags?post=6974"}],"curies":[{"name":"wp","href":"https:\/\/api.w.org\/{rel}","templated":true}]}}