{"id":6979,"date":"2026-05-01T14:51:18","date_gmt":"2026-05-01T17:51:18","guid":{"rendered":"https:\/\/vecinosdelinterior.com\/?p=6979"},"modified":"2026-05-01T14:51:19","modified_gmt":"2026-05-01T17:51:19","slug":"union-un-joven-murio-tras-chocar-en-un-automovil-contra-un-arbol","status":"publish","type":"post","link":"https:\/\/vecinosdelinterior.com\/index.php\/2026\/05\/01\/union-un-joven-murio-tras-chocar-en-un-automovil-contra-un-arbol\/","title":{"rendered":"Uni\u00f3n: un joven muri\u00f3 tras chocar en un autom\u00f3vil contra un \u00e1rbol"},"content":{"rendered":"\n<p>VECINOSDELINTERIOR.COM \/ 01 DE MAYO<br>Desde la Comisar\u00eda Distrito 21\u00b0 informaron que este viernes 1 de mayo a la madrugada, alrededor de las 3:30, se produjo un accidente de tr\u00e1nsito en la localidad de Uni\u00f3n que dej\u00f3 como saldo un joven fallecido y tres personas heridas.<br>El hecho se registr\u00f3 alrededor de las 3:30 aproximadamente en inmediaciones del Polideportivo Municipal, ubicado en la intersecci\u00f3n de las calles Augusto Truco e Hip\u00f3lito Yrigoyen.<\/p>\n\n\n\n<figure class=\"wp-block-image size-large\"><img fetchpriority=\"high\" decoding=\"async\" width=\"1024\" height=\"705\" src=\"https:\/\/vecinosdelinterior.com\/wp-content\/uploads\/2026\/05\/684246542_832300063254015_8878791153156486474_n-1024x705.jpg\" alt=\"\" class=\"wp-image-6980\" srcset=\"https:\/\/vecinosdelinterior.com\/wp-content\/uploads\/2026\/05\/684246542_832300063254015_8878791153156486474_n-1024x705.jpg 1024w, https:\/\/vecinosdelinterior.com\/wp-content\/uploads\/2026\/05\/684246542_832300063254015_8878791153156486474_n-300x206.jpg 300w, https:\/\/vecinosdelinterior.com\/wp-content\/uploads\/2026\/05\/684246542_832300063254015_8878791153156486474_n-768x528.jpg 768w, https:\/\/vecinosdelinterior.com\/wp-content\/uploads\/2026\/05\/684246542_832300063254015_8878791153156486474_n-750x516.jpg 750w, https:\/\/vecinosdelinterior.com\/wp-content\/uploads\/2026\/05\/684246542_832300063254015_8878791153156486474_n-1140x784.jpg 1140w, https:\/\/vecinosdelinterior.com\/wp-content\/uploads\/2026\/05\/684246542_832300063254015_8878791153156486474_n.jpg 1308w\" sizes=\"(max-width: 1024px) 100vw, 1024px\" \/><\/figure>\n\n\n\n<p><br>Seg\u00fan informaron fuentes policiales, un autom\u00f3vil Peugeot 205 en el que se trasladaban cuatro personas impact\u00f3 contra un \u00e1rbol por causas que a\u00fan se investigan.<br>Al arribar al lugar, los efectivos policiales encontraron a los ocupantes del veh\u00edculo tendidos sobre la calzada. Las personas fueron identificadas como dos j\u00f3venes masculinos de 20 y 18 a\u00f1os de edad, y dos adolescentes femeninas, ambas de 16 a\u00f1os de edad, todos con domicilio en Uni\u00f3n.<br>Personal de salud asisti\u00f3 a los heridos, quienes fueron trasladados en ambulancia hacia el Hospital \u201cDr. Eugenio Collado\u201d de Uni\u00f3n. Seguidamente, se inform\u00f3 que el joven de 18 a\u00f1os falleci\u00f3 debido a las heridas sufridas. Las dos adolescentes de 16 a\u00f1os, en tanto, fueron derivadas hacia el Policl\u00ednico Regional \u201cJuan Domingo Per\u00f3n\u201d de Villa Mercedes.<br>En el lugar se hizo presente personal policial de Criminal\u00edstica y Judiciales para la realizaci\u00f3n de pericias, adem\u00e1s del secuestro del veh\u00edculo, con el objetivo de determinar las circunstancias del siniestro vial.<\/p>\n","protected":false},"excerpt":{"rendered":"<p>VECINOSDELINTERIOR.COM \/ 01 DE MAYODesde la Comisar\u00eda Distrito 21\u00b0 informaron que este viernes 1 de mayo a la madrugada, alrededor de las 3:30, se produjo un accidente de tr\u00e1nsito en la localidad de Uni\u00f3n que dej\u00f3 como saldo un joven fallecido y tres personas heridas.El hecho se registr\u00f3 alrededor de las 3:30 aproximadamente en inmediaciones [&hellip;]<\/p>\n","protected":false},"author":1,"featured_media":6980,"comment_status":"open","ping_status":"open","sticky":false,"template":"","format":"standard","meta":{"footnotes":""},"categories":[16,376],"tags":[],"class_list":["post-6979","post","type-post","status-publish","format-standard","has-post-thumbnail","hentry","category-dupuy","category-union"],"_links":{"self":[{"href":"https:\/\/vecinosdelinterior.com\/index.php\/wp-json\/wp\/v2\/posts\/6979","targetHints":{"allow":["GET"]}}],"collection":[{"href":"https:\/\/vecinosdelinterior.com\/index.php\/wp-json\/wp\/v2\/posts"}],"about":[{"href":"https:\/\/vecinosdelinterior.com\/index.php\/wp-json\/wp\/v2\/types\/post"}],"author":[{"embeddable":true,"href":"https:\/\/vecinosdelinterior.com\/index.php\/wp-json\/wp\/v2\/users\/1"}],"replies":[{"embeddable":true,"href":"https:\/\/vecinosdelinterior.com\/index.php\/wp-json\/wp\/v2\/comments?post=6979"}],"version-history":[{"count":1,"href":"https:\/\/vecinosdelinterior.com\/index.php\/wp-json\/wp\/v2\/posts\/6979\/revisions"}],"predecessor-version":[{"id":6981,"href":"https:\/\/vecinosdelinterior.com\/index.php\/wp-json\/wp\/v2\/posts\/6979\/revisions\/6981"}],"wp:featuredmedia":[{"embeddable":true,"href":"https:\/\/vecinosdelinterior.com\/index.php\/wp-json\/wp\/v2\/media\/6980"}],"wp:attachment":[{"href":"https:\/\/vecinosdelinterior.com\/index.php\/wp-json\/wp\/v2\/media?parent=6979"}],"wp:term":[{"taxonomy":"category","embeddable":true,"href":"https:\/\/vecinosdelinterior.com\/index.php\/wp-json\/wp\/v2\/categories?post=6979"},{"taxonomy":"post_tag","embeddable":true,"href":"https:\/\/vecinosdelinterior.com\/index.php\/wp-json\/wp\/v2\/tags?post=6979"}],"curies":[{"name":"wp","href":"https:\/\/api.w.org\/{rel}","templated":true}]}}