{"id":6982,"date":"2026-04-30T14:51:00","date_gmt":"2026-04-30T17:51:00","guid":{"rendered":"https:\/\/vecinosdelinterior.com\/?p=6982"},"modified":"2026-05-01T14:53:37","modified_gmt":"2026-05-01T17:53:37","slug":"6982","status":"publish","type":"post","link":"https:\/\/vecinosdelinterior.com\/index.php\/2026\/04\/30\/6982\/","title":{"rendered":""},"content":{"rendered":"\n<p>nterior Puntano<br>opdSnsroet2i00fu9fg1a595<br>h<br>6912mhui<br>0<br>a09iam8u<br>2<br>5mtlccf0f76<\/p>\n\n\n\n<p>42506<br>\u00b7Comenz\u00f3 el operativo de seguridad para las festividades religiosas en Villa de la Quebrada y Renca<br><br>Vecinos del Interior Puntano \/ 30 de abril<br>Llevan a cabo diversas tareas de control y prevenci\u00f3n en el contexto de las festividades religiosas del Cristo de la Quebrada y el Se\u00f1or de Renca, las cuales se extender\u00e1n hasta el 4 de mayo.<br>Este jueves, el ministerio de Seguridad llev\u00f3 a cabo los actos de inicio del operativo de seguridad por las festividades religiosas del Cristo de la Quebrada y el Se\u00f1or de Renca. Las actividades contaron con la presencia de funcionarios del Gobierno, autoridades policiales, como tambi\u00e9n representantes de los municipios de Villa de la Quebrada y Renca.<br>En el acto desarrollado en la localidad de Villa de la Quebrada, la ministro Nancy Sosa se refiri\u00f3 a la importancia de estos operativos de seguridad, destacando en ese sentido el trabajo en equipo que llevan a cabo los distintos ministerios del Gobierno de la Provincia para que todo transcurra en paz y de la mejor manera. \u201cPonemos todos los esfuerzos para que esto sea realmente un gran evento\u201d, afirm\u00f3.<br>Asimismo, destac\u00f3 el trabajo de los efectivos de la Polic\u00eda de la Provincia, la labor de los agentes de Seguridad Vial, personal de Prevenci\u00f3n Ciudadana, brigadistas de la direcci\u00f3n de Prevenci\u00f3n y Gesti\u00f3n de Emergencias, Bomberos Voluntarios y aspirantes del ISSP, quienes estar\u00e1n a cargo de distintas tareas para el desarrollo del operativo.<br>Cabe se\u00f1alar que los trabajos de control y prevenci\u00f3n que iniciaron este jueves se extender\u00e1n hasta el lunes 4 de mayo en zonas aleda\u00f1as a Villa de la Quebrada y Renca, como as\u00ed tambi\u00e9n en dichas localidades como cada a\u00f1o. Para la Villa de la Quebrada se dispondr\u00e1n 400 efectivos por d\u00eda desde este jueves, mientras que en Renca habr\u00e1 100 polic\u00edas diarios realizando las correspondientes labores.<\/p>\n\n\n\n<figure class=\"wp-block-gallery has-nested-images columns-default is-cropped wp-block-gallery-1 is-layout-flex wp-block-gallery-is-layout-flex\">\n<figure class=\"wp-block-image size-large\"><img fetchpriority=\"high\" decoding=\"async\" width=\"1024\" height=\"557\" data-id=\"6983\" src=\"https:\/\/vecinosdelinterior.com\/wp-content\/uploads\/2026\/05\/686332583_831759219974766_7254943094822946639_n-1024x557.jpg\" alt=\"\" class=\"wp-image-6983\" srcset=\"https:\/\/vecinosdelinterior.com\/wp-content\/uploads\/2026\/05\/686332583_831759219974766_7254943094822946639_n-1024x557.jpg 1024w, https:\/\/vecinosdelinterior.com\/wp-content\/uploads\/2026\/05\/686332583_831759219974766_7254943094822946639_n-300x163.jpg 300w, https:\/\/vecinosdelinterior.com\/wp-content\/uploads\/2026\/05\/686332583_831759219974766_7254943094822946639_n-768x417.jpg 768w, https:\/\/vecinosdelinterior.com\/wp-content\/uploads\/2026\/05\/686332583_831759219974766_7254943094822946639_n-750x408.jpg 750w, https:\/\/vecinosdelinterior.com\/wp-content\/uploads\/2026\/05\/686332583_831759219974766_7254943094822946639_n-1140x620.jpg 1140w, https:\/\/vecinosdelinterior.com\/wp-content\/uploads\/2026\/05\/686332583_831759219974766_7254943094822946639_n.jpg 1494w\" sizes=\"(max-width: 1024px) 100vw, 1024px\" \/><\/figure>\n\n\n\n<figure class=\"wp-block-image size-large\"><img decoding=\"async\" width=\"1024\" height=\"576\" data-id=\"6984\" src=\"https:\/\/vecinosdelinterior.com\/wp-content\/uploads\/2026\/05\/686530173_831759183308103_2759848263568762139_n-1024x576.jpg\" alt=\"\" class=\"wp-image-6984\" srcset=\"https:\/\/vecinosdelinterior.com\/wp-content\/uploads\/2026\/05\/686530173_831759183308103_2759848263568762139_n-1024x576.jpg 1024w, https:\/\/vecinosdelinterior.com\/wp-content\/uploads\/2026\/05\/686530173_831759183308103_2759848263568762139_n-300x169.jpg 300w, https:\/\/vecinosdelinterior.com\/wp-content\/uploads\/2026\/05\/686530173_831759183308103_2759848263568762139_n-768x432.jpg 768w, https:\/\/vecinosdelinterior.com\/wp-content\/uploads\/2026\/05\/686530173_831759183308103_2759848263568762139_n-750x422.jpg 750w, https:\/\/vecinosdelinterior.com\/wp-content\/uploads\/2026\/05\/686530173_831759183308103_2759848263568762139_n-1140x641.jpg 1140w, https:\/\/vecinosdelinterior.com\/wp-content\/uploads\/2026\/05\/686530173_831759183308103_2759848263568762139_n.jpg 1536w\" sizes=\"(max-width: 1024px) 100vw, 1024px\" \/><\/figure>\n<\/figure>\n\n\n\n<p><br>Dentro de este contexto, este jueves desde las 18:00 se realiza un corte en Autopista 25 de Mayo y ruta del Portezuelo, del lado de las sierras, para permitir el paso seguro de los peregrinos que caminan hacia Villa de la Quebrada. Dicho sector ser\u00e1 utilizado \u00fanicamente por los peatones. La mano oeste que posee dos carriles ser\u00e1 de doble mano para el tr\u00e1nsito vehicular. Adem\u00e1s, se van a disponer controles sobre las rotondas en direcci\u00f3n a la Villa de la Quebrada y en la ruta nacional 146. Habr\u00e1 controles vehiculares, de alcoholemia e identificaci\u00f3n de personas.<br>Al igual que en Villa de la Quebrada, los controles en Renca comenzaron este jueves a las 7:00 y finalizar\u00e1n el 4 de mayo con 100 efectivos diarios abocados a la festividad. \u201cHabr\u00e1 cortes de calles previstos en la localidad que van a tener el ingreso por la avenida C\u00f3rdoba de Tilisarao para llegar a Renca. El d\u00eda 2 est\u00e1 prevista una misa en horas de la tarde con los gauchos que van a llegar desde distintos puntos. Y el d\u00eda 3, ser\u00e1 la finalizaci\u00f3n de las festividades con la misa\u201d, indicaron los responsables del operativo. Asimismo, recordaron que los conductores deber\u00e1n tener la documentaci\u00f3n de sus veh\u00edculos al d\u00eda, como la c\u00e9dula de identificaci\u00f3n del automotor, seguro y licencia de conducir. Estar\u00e1 permitido exhibir la aplicaci\u00f3n \u2018Mi Argentina\u2019 para presentar los documentos requeridos.<br>Desde la Polic\u00eda de la Provincia recordaron adem\u00e1s que se deben respetar las velocidades m\u00e1ximas permitidas, mantener distancia de seguridad entre veh\u00edculos, el uso de cintur\u00f3n de seguridad obligatorio, los ni\u00f1os menores de 12 a\u00f1os deben viajar en los asientos traseros, no adelantarse en doble l\u00ednea amarilla, no transportar personas en las cajas de veh\u00edculos descubiertas, en caso de detenci\u00f3n hacerlo en la banquina y se\u00f1alizar con balizas. Asimismo, remarcaron que en motocicleta podr\u00e1n circular dos personas como m\u00e1ximo.<br>Para los peatones y ciclistas, recomendaron la utilizaci\u00f3n de chalecos reflectivos o elementos visibles, desplazarse sobre la banquina en fila de uno, y en bicicleta circular una persona como m\u00e1ximo. Adem\u00e1s, indicaron que est\u00e1 prohibido acampar en m\u00e1rgenes de r\u00edos y zonas de riesgo<\/p>\n","protected":false},"excerpt":{"rendered":"<p>nterior PuntanoopdSnsroet2i00fu9fg1a595h6912mhui0a09iam8u25mtlccf0f76 42506\u00b7Comenz\u00f3 el operativo de seguridad para las festividades religiosas en Villa de la Quebrada y Renca Vecinos del Interior Puntano \/ 30 de abrilLlevan a cabo diversas tareas de control y prevenci\u00f3n en el contexto de las festividades religiosas del Cristo de la Quebrada y el Se\u00f1or de Renca, las cuales se extender\u00e1n [&hellip;]<\/p>\n","protected":false},"author":1,"featured_media":6984,"comment_status":"open","ping_status":"open","sticky":false,"template":"","format":"standard","meta":{"footnotes":""},"categories":[92,29,220,93],"tags":[391],"class_list":["post-6982","post","type-post","status-publish","format-standard","has-post-thumbnail","hentry","category-belgrano","category-chacabuco","category-renca","category-villa-de-la-quebrada","tag-eventos"],"_links":{"self":[{"href":"https:\/\/vecinosdelinterior.com\/index.php\/wp-json\/wp\/v2\/posts\/6982","targetHints":{"allow":["GET"]}}],"collection":[{"href":"https:\/\/vecinosdelinterior.com\/index.php\/wp-json\/wp\/v2\/posts"}],"about":[{"href":"https:\/\/vecinosdelinterior.com\/index.php\/wp-json\/wp\/v2\/types\/post"}],"author":[{"embeddable":true,"href":"https:\/\/vecinosdelinterior.com\/index.php\/wp-json\/wp\/v2\/users\/1"}],"replies":[{"embeddable":true,"href":"https:\/\/vecinosdelinterior.com\/index.php\/wp-json\/wp\/v2\/comments?post=6982"}],"version-history":[{"count":1,"href":"https:\/\/vecinosdelinterior.com\/index.php\/wp-json\/wp\/v2\/posts\/6982\/revisions"}],"predecessor-version":[{"id":6985,"href":"https:\/\/vecinosdelinterior.com\/index.php\/wp-json\/wp\/v2\/posts\/6982\/revisions\/6985"}],"wp:featuredmedia":[{"embeddable":true,"href":"https:\/\/vecinosdelinterior.com\/index.php\/wp-json\/wp\/v2\/media\/6984"}],"wp:attachment":[{"href":"https:\/\/vecinosdelinterior.com\/index.php\/wp-json\/wp\/v2\/media?parent=6982"}],"wp:term":[{"taxonomy":"category","embeddable":true,"href":"https:\/\/vecinosdelinterior.com\/index.php\/wp-json\/wp\/v2\/categories?post=6982"},{"taxonomy":"post_tag","embeddable":true,"href":"https:\/\/vecinosdelinterior.com\/index.php\/wp-json\/wp\/v2\/tags?post=6982"}],"curies":[{"name":"wp","href":"https:\/\/api.w.org\/{rel}","templated":true}]}}