{"id":714,"date":"2023-09-15T10:02:34","date_gmt":"2023-09-15T13:02:34","guid":{"rendered":"https:\/\/vecinosdelinterior.com\/?p=714"},"modified":"2023-09-15T10:02:35","modified_gmt":"2023-09-15T13:02:35","slug":"se-llevo-a-cabo-el-congreso-de-educacion-vial-en-san-francisco-del-monte-de-oro","status":"publish","type":"post","link":"https:\/\/vecinosdelinterior.com\/index.php\/2023\/09\/15\/se-llevo-a-cabo-el-congreso-de-educacion-vial-en-san-francisco-del-monte-de-oro\/","title":{"rendered":"Se llev\u00f3 a cabo el Congreso de Educaci\u00f3n Vial en San Francisco del Monte de Oro"},"content":{"rendered":"\n<p>Estuvo destinado a estudiantes del nivel primario y secundario. Les brindaron herramientas e informaci\u00f3n para la prevenci\u00f3n en seguridad vial.<\/p>\n\n\n\n<p>Concluy\u00f3 con \u00e9xito el Congreso de Educaci\u00f3n Vial en la localidad de San Francisco del Monte de Oro, reuni\u00f3 a m\u00e1s de 150 estudiantes y 100 docentes en dos turnos. El evento tuvo como objetivo dotar a alumnas y alumnos de nivel primario y secundario de herramientas y conocimientos cruciales para la prevenci\u00f3n en seguridad vial.<\/p>\n\n\n\n<figure class=\"wp-block-image size-full\"><img fetchpriority=\"high\" decoding=\"async\" width=\"740\" height=\"500\" src=\"https:\/\/vecinosdelinterior.com\/wp-content\/uploads\/2023\/09\/WhatsApp-Image-2023-09-14-at-10.23.17-1.jpeg\" alt=\"\" class=\"wp-image-715\" srcset=\"https:\/\/vecinosdelinterior.com\/wp-content\/uploads\/2023\/09\/WhatsApp-Image-2023-09-14-at-10.23.17-1.jpeg 740w, https:\/\/vecinosdelinterior.com\/wp-content\/uploads\/2023\/09\/WhatsApp-Image-2023-09-14-at-10.23.17-1-300x203.jpeg 300w\" sizes=\"(max-width: 740px) 100vw, 740px\" \/><\/figure>\n\n\n\n<p>Durante el congreso, se abordaron temas fundamentales, como: \u201cEducaci\u00f3n para el cuidado y la convivencia vial\u201d; \u201cLa problem\u00e1tica del no uso de casco y la circulaci\u00f3n en moto\u201d; \u201cMovilidad sustentable y bicicleta\u201d; \u201cJ\u00f3venes, alcohol y conducci\u00f3n\u201d; \u201cSeguridad vial y g\u00e9nero\u201d; \u201cSeguridad vial infantil; y \u201cSistema de retenci\u00f3n infantil\u201d.<\/p>\n\n\n\n<p>La charla principal estuvo a cargo del personal de la Agencia Nacional de Seguridad Vial y cont\u00f3 con la participaci\u00f3n activa de funcionarios de los ministerios de Educaci\u00f3n y Seguridad de la provincia de San Luis.<\/p>\n\n\n\n<p>Este congreso es el resultado de un convenio firmado el a\u00f1o pasado por los tres organismos, destacando la educaci\u00f3n vial como un pilar fundamental en el Plan Educativo Provincial. El evento ha reforzado la conciencia de seguridad vial en la comunidad educativa y ha preparado a futuros conductores y peatones para enfrentar los desaf\u00edos en nuestras v\u00edas y calles con responsabilidad.<\/p>\n","protected":false},"excerpt":{"rendered":"<p>Estuvo destinado a estudiantes del nivel primario y secundario. Les brindaron herramientas e informaci\u00f3n para la prevenci\u00f3n en seguridad vial. Concluy\u00f3 con \u00e9xito el Congreso de Educaci\u00f3n Vial en la localidad de San Francisco del Monte de Oro, reuni\u00f3 a m\u00e1s de 150 estudiantes y 100 docentes en dos turnos. El evento tuvo como objetivo [&hellip;]<\/p>\n","protected":false},"author":1,"featured_media":715,"comment_status":"open","ping_status":"open","sticky":false,"template":"","format":"standard","meta":{"footnotes":""},"categories":[8,9],"tags":[219],"class_list":["post-714","post","type-post","status-publish","format-standard","has-post-thumbnail","hentry","category-ayacucho","category-san-francisco","tag-congreso-de-educacion-vial"],"_links":{"self":[{"href":"https:\/\/vecinosdelinterior.com\/index.php\/wp-json\/wp\/v2\/posts\/714","targetHints":{"allow":["GET"]}}],"collection":[{"href":"https:\/\/vecinosdelinterior.com\/index.php\/wp-json\/wp\/v2\/posts"}],"about":[{"href":"https:\/\/vecinosdelinterior.com\/index.php\/wp-json\/wp\/v2\/types\/post"}],"author":[{"embeddable":true,"href":"https:\/\/vecinosdelinterior.com\/index.php\/wp-json\/wp\/v2\/users\/1"}],"replies":[{"embeddable":true,"href":"https:\/\/vecinosdelinterior.com\/index.php\/wp-json\/wp\/v2\/comments?post=714"}],"version-history":[{"count":1,"href":"https:\/\/vecinosdelinterior.com\/index.php\/wp-json\/wp\/v2\/posts\/714\/revisions"}],"predecessor-version":[{"id":716,"href":"https:\/\/vecinosdelinterior.com\/index.php\/wp-json\/wp\/v2\/posts\/714\/revisions\/716"}],"wp:featuredmedia":[{"embeddable":true,"href":"https:\/\/vecinosdelinterior.com\/index.php\/wp-json\/wp\/v2\/media\/715"}],"wp:attachment":[{"href":"https:\/\/vecinosdelinterior.com\/index.php\/wp-json\/wp\/v2\/media?parent=714"}],"wp:term":[{"taxonomy":"category","embeddable":true,"href":"https:\/\/vecinosdelinterior.com\/index.php\/wp-json\/wp\/v2\/categories?post=714"},{"taxonomy":"post_tag","embeddable":true,"href":"https:\/\/vecinosdelinterior.com\/index.php\/wp-json\/wp\/v2\/tags?post=714"}],"curies":[{"name":"wp","href":"https:\/\/api.w.org\/{rel}","templated":true}]}}