{"id":717,"date":"2023-09-15T10:07:02","date_gmt":"2023-09-15T13:07:02","guid":{"rendered":"https:\/\/vecinosdelinterior.com\/?p=717"},"modified":"2023-09-15T10:07:03","modified_gmt":"2023-09-15T13:07:03","slug":"se-inauguro-el-centro-de-desarrollo-infantil-de-renca","status":"publish","type":"post","link":"https:\/\/vecinosdelinterior.com\/index.php\/2023\/09\/15\/se-inauguro-el-centro-de-desarrollo-infantil-de-renca\/","title":{"rendered":"Se inaugur\u00f3 el Centro de Desarrollo Infantil de Renca"},"content":{"rendered":"\n<p>\u201cMa\u00f1anitas Alegres\u201d abri\u00f3 oficialmente sus puertas y pronto comenzar\u00e1 con las actividades. El espacio est\u00e1 destinado a ni\u00f1as y ni\u00f1os de entre 45 d\u00edas y 3 a\u00f1os de edad.<\/p>\n\n\n\n<p>Este jueves fue un d\u00eda hist\u00f3rico para la localidad de Renca. Es que en el marco de su 270\u00ba aniversario, entre tantas actividades que se realizaron, qued\u00f3 inaugurado el Centro de Desarrollo Infantil (CDI) \u201cMa\u00f1anitas Alegres\u201d.<\/p>\n\n\n\n<p>Ni bien se descubri\u00f3 la placa y se cort\u00f3 la cinta, las ni\u00f1as y los ni\u00f1os que acompa\u00f1aron no pudieron aguantarse las ganas de entrar al establecimiento y empezar a jugar. Entre sonrisas y l\u00e1grimas de emoci\u00f3n, abri\u00f3 sus puertas el CDI que brindar\u00e1 cuidado y educaci\u00f3n en beneficio de 44 familias.<\/p>\n\n\n\n<figure class=\"wp-block-gallery has-nested-images columns-default is-cropped wp-block-gallery-1 is-layout-flex wp-block-gallery-is-layout-flex\">\n<figure class=\"wp-block-image size-large\"><img fetchpriority=\"high\" decoding=\"async\" width=\"1024\" height=\"683\" data-id=\"718\" src=\"https:\/\/vecinosdelinterior.com\/wp-content\/uploads\/2023\/09\/DSC_2973-1024x683.jpg\" alt=\"\" class=\"wp-image-718\" srcset=\"https:\/\/vecinosdelinterior.com\/wp-content\/uploads\/2023\/09\/DSC_2973-1024x683.jpg 1024w, https:\/\/vecinosdelinterior.com\/wp-content\/uploads\/2023\/09\/DSC_2973-300x200.jpg 300w, https:\/\/vecinosdelinterior.com\/wp-content\/uploads\/2023\/09\/DSC_2973-768x512.jpg 768w, https:\/\/vecinosdelinterior.com\/wp-content\/uploads\/2023\/09\/DSC_2973-1536x1024.jpg 1536w, https:\/\/vecinosdelinterior.com\/wp-content\/uploads\/2023\/09\/DSC_2973-750x500.jpg 750w, https:\/\/vecinosdelinterior.com\/wp-content\/uploads\/2023\/09\/DSC_2973-1140x760.jpg 1140w, https:\/\/vecinosdelinterior.com\/wp-content\/uploads\/2023\/09\/DSC_2973.jpg 2048w\" sizes=\"(max-width: 1024px) 100vw, 1024px\" \/><\/figure>\n\n\n\n<figure class=\"wp-block-image size-large\"><img decoding=\"async\" width=\"1024\" height=\"683\" data-id=\"719\" src=\"https:\/\/vecinosdelinterior.com\/wp-content\/uploads\/2023\/09\/DSC_2968-1024x683.jpg\" alt=\"\" class=\"wp-image-719\" srcset=\"https:\/\/vecinosdelinterior.com\/wp-content\/uploads\/2023\/09\/DSC_2968-1024x683.jpg 1024w, https:\/\/vecinosdelinterior.com\/wp-content\/uploads\/2023\/09\/DSC_2968-300x200.jpg 300w, https:\/\/vecinosdelinterior.com\/wp-content\/uploads\/2023\/09\/DSC_2968-768x512.jpg 768w, https:\/\/vecinosdelinterior.com\/wp-content\/uploads\/2023\/09\/DSC_2968-1536x1024.jpg 1536w, https:\/\/vecinosdelinterior.com\/wp-content\/uploads\/2023\/09\/DSC_2968-750x500.jpg 750w, https:\/\/vecinosdelinterior.com\/wp-content\/uploads\/2023\/09\/DSC_2968-1140x760.jpg 1140w, https:\/\/vecinosdelinterior.com\/wp-content\/uploads\/2023\/09\/DSC_2968.jpg 2048w\" sizes=\"(max-width: 1024px) 100vw, 1024px\" \/><\/figure>\n<\/figure>\n\n\n\n<p>\u201cEs un d\u00eda muy especial para nosotros, no solo por el aniversario de la localidad, sino tambi\u00e9n porque se inaugur\u00f3 el centro de primera infancia. Estamos muy felices porque nos da la posibilidad para que nuestros hijos puedan ir ah\u00ed. Sabemos que van a estar en buenas manos y eso nos da tranquilidad\u201d, manifest\u00f3 Daniela Dos Santos, madre de un ni\u00f1o de 2 a\u00f1os.<\/p>\n\n\n\n<p>La coordinadora general del CDI \u201cMa\u00f1anitas Alegres\u201d, Yamila Vogt, expres\u00f3; \u201cEstamos cumpliendo un sue\u00f1o que naci\u00f3 a partir de una problem\u00e1tica que hab\u00eda en Renca. Le agradecemos al Gobierno Provincial y al Gobierno Nacional porque nos escucharon. Estamos muy felices por saber que se preocupan por el interior\u201d.<\/p>\n\n\n\n<p>El acto fue encabezado por la intendenta de Renca, Romina Peralta, y funcionarias de la Direcci\u00f3n Provincial de Desarrollo de las Primeras Infancias, pertenecientes al Ministerio de Educaci\u00f3n. Estuvieron presentes todo el personal que cumplir\u00e1 funciones en el flamante establecimiento, adem\u00e1s de muchos vecinos que se acercaron.<\/p>\n\n\n\n<p>\u201cEl CDI va a poder brindar un servicio muy importante en la comunidad, porque los chicos van a estar en un lugar donde estar\u00e1n cuidados y recibir\u00e1n educaci\u00f3n. Este espacio f\u00edsico trae muchos beneficios tambi\u00e9n por los 28 puestos de trabajo que se abren con este Centro de Desarrollo Infantil. Es un gran alivio para muchas familias, y estamos sumamente contentos\u201d, afirm\u00f3 la intendenta.<\/p>\n\n\n\n<p>Con esta acci\u00f3n, el Gobierno de la Provincia, a trav\u00e9s del Ministerio de Educaci\u00f3n, refuerza una vez m\u00e1s su pol\u00edtica educativa de inclusi\u00f3n para las ni\u00f1as y los ni\u00f1os de 45 d\u00edas hasta 3 a\u00f1os., reconociendo el valor de su desarrollo desde la temprana edad. Vale recordar que tambi\u00e9n el 29 de agosto se inaugur\u00f3 el Centro de Desarrollo Infantil \u201cTona Salino\u201d en la ciudad de San Luis. Ya totalizan 10 las escuelas de primera infancia de gesti\u00f3n p\u00fablica en toda la provincia.<\/p>\n","protected":false},"excerpt":{"rendered":"<p>\u201cMa\u00f1anitas Alegres\u201d abri\u00f3 oficialmente sus puertas y pronto comenzar\u00e1 con las actividades. El espacio est\u00e1 destinado a ni\u00f1as y ni\u00f1os de entre 45 d\u00edas y 3 a\u00f1os de edad. Este jueves fue un d\u00eda hist\u00f3rico para la localidad de Renca. Es que en el marco de su 270\u00ba aniversario, entre tantas actividades que se realizaron, [&hellip;]<\/p>\n","protected":false},"author":1,"featured_media":719,"comment_status":"open","ping_status":"open","sticky":false,"template":"","format":"standard","meta":{"footnotes":""},"categories":[220],"tags":[221],"class_list":["post-717","post","type-post","status-publish","format-standard","has-post-thumbnail","hentry","category-renca","tag-centro-de-desarrollo-infantil"],"_links":{"self":[{"href":"https:\/\/vecinosdelinterior.com\/index.php\/wp-json\/wp\/v2\/posts\/717","targetHints":{"allow":["GET"]}}],"collection":[{"href":"https:\/\/vecinosdelinterior.com\/index.php\/wp-json\/wp\/v2\/posts"}],"about":[{"href":"https:\/\/vecinosdelinterior.com\/index.php\/wp-json\/wp\/v2\/types\/post"}],"author":[{"embeddable":true,"href":"https:\/\/vecinosdelinterior.com\/index.php\/wp-json\/wp\/v2\/users\/1"}],"replies":[{"embeddable":true,"href":"https:\/\/vecinosdelinterior.com\/index.php\/wp-json\/wp\/v2\/comments?post=717"}],"version-history":[{"count":1,"href":"https:\/\/vecinosdelinterior.com\/index.php\/wp-json\/wp\/v2\/posts\/717\/revisions"}],"predecessor-version":[{"id":720,"href":"https:\/\/vecinosdelinterior.com\/index.php\/wp-json\/wp\/v2\/posts\/717\/revisions\/720"}],"wp:featuredmedia":[{"embeddable":true,"href":"https:\/\/vecinosdelinterior.com\/index.php\/wp-json\/wp\/v2\/media\/719"}],"wp:attachment":[{"href":"https:\/\/vecinosdelinterior.com\/index.php\/wp-json\/wp\/v2\/media?parent=717"}],"wp:term":[{"taxonomy":"category","embeddable":true,"href":"https:\/\/vecinosdelinterior.com\/index.php\/wp-json\/wp\/v2\/categories?post=717"},{"taxonomy":"post_tag","embeddable":true,"href":"https:\/\/vecinosdelinterior.com\/index.php\/wp-json\/wp\/v2\/tags?post=717"}],"curies":[{"name":"wp","href":"https:\/\/api.w.org\/{rel}","templated":true}]}}