{"id":721,"date":"2023-09-15T10:11:57","date_gmt":"2023-09-15T13:11:57","guid":{"rendered":"https:\/\/vecinosdelinterior.com\/?p=721"},"modified":"2023-09-15T10:11:58","modified_gmt":"2023-09-15T13:11:58","slug":"conoce-el-operativo-de-transporte-para-el-trapiche-y-la-florida","status":"publish","type":"post","link":"https:\/\/vecinosdelinterior.com\/index.php\/2023\/09\/15\/conoce-el-operativo-de-transporte-para-el-trapiche-y-la-florida\/","title":{"rendered":"Conoc\u00e9 el operativo de Transporte para El Trapiche y La Florida"},"content":{"rendered":"\n<p>El tan esperado d\u00eda se acerca, y desde la Secretar\u00eda de Transporte se est\u00e1n tomando medidas para garantizar la seguridad y el cumplimiento de las regulaciones durante esta celebraci\u00f3n. Desde el s\u00e1bado 16 hasta el viernes 22 de septiembre, un operativo especial estar\u00e1 en funcionamiento.<\/p>\n\n\n\n<figure class=\"wp-block-image size-full\"><img fetchpriority=\"high\" decoding=\"async\" width=\"960\" height=\"540\" src=\"https:\/\/vecinosdelinterior.com\/wp-content\/uploads\/2023\/09\/Dia-del-Estudiante.jpg\" alt=\"\" class=\"wp-image-722\" srcset=\"https:\/\/vecinosdelinterior.com\/wp-content\/uploads\/2023\/09\/Dia-del-Estudiante.jpg 960w, https:\/\/vecinosdelinterior.com\/wp-content\/uploads\/2023\/09\/Dia-del-Estudiante-300x169.jpg 300w, https:\/\/vecinosdelinterior.com\/wp-content\/uploads\/2023\/09\/Dia-del-Estudiante-768x432.jpg 768w, https:\/\/vecinosdelinterior.com\/wp-content\/uploads\/2023\/09\/Dia-del-Estudiante-750x422.jpg 750w\" sizes=\"(max-width: 960px) 100vw, 960px\" \/><\/figure>\n\n\n\n<p>El operativo ser\u00e1 supervisado por un equipo de 45 inspectores y auxiliares estrat\u00e9gicamente ubicados en cuatro puntos de control clave:<\/p>\n\n\n\n<p>Edificio EDIRO: Plataforma 5 a 10<br>Ingreso al Trapiche<br>Rotonda 7 Cajones (Los Ba\u00f1os)<br>Camping Universitario de La Florida<br>Los inspectores ser\u00e1n responsables de verificar varios aspectos esenciales de las unidades de transporte autorizadas por el Programa Transporte Automotor. Esto incluye la inspecci\u00f3n de licencias provinciales, p\u00f3lizas de seguro al d\u00eda y la autorizaci\u00f3n para el ascenso y descenso de pasajeros.<\/p>\n\n\n\n<p>En total, habr\u00e1 15 unidades habilitadas por el Programa Transporte Automotor participando en este operativo. Estas unidades se identificar\u00e1n f\u00e1cilmente gracias a una oblea que estar\u00e1 claramente visible en el parabrisas derecho delantero de cada veh\u00edculo.<\/p>\n\n\n\n<p>Es importante destacar que cada punto de control estar\u00e1 operativo desde las 06:00 de la ma\u00f1ana hasta las 00:00 de la noche. Sin embargo, la duraci\u00f3n de estas operaciones podr\u00eda extenderse seg\u00fan la demanda de usuarios.<\/p>\n\n\n\n<p>En cuanto a los recorridos, las unidades autorizadas ofrecer\u00e1n un servicio directo sin paradas desde la estaci\u00f3n EDIRO hacia El Trapiche y La Florida, utilizando la autopista Los Puquios. Las tarifas para este servicio ser\u00e1n de $600 para llegar a El Trapiche y de $700 para llegar a La Florida.<\/p>\n\n\n\n<p>\u201cEntendemos que este a\u00f1o a diferencia de otros, vamos a tener un mayor movimiento diario. Va a ir y venir mucha gente el mismo d\u00eda\u201d, se\u00f1al\u00f3 Mat\u00edas Mobell\u00e1n, jefe del Subprograma Supervisi\u00f3n del Sistema de Transporte, quien agreg\u00f3: \u201cSi bien los servicios iniciar\u00e1n y finalizar\u00e1n a las 6:00 y 0:00 respectivamente, vamos a estar muy atentos a la demanda que pueda surgir\u201d.<\/p>\n","protected":false},"excerpt":{"rendered":"<p>El tan esperado d\u00eda se acerca, y desde la Secretar\u00eda de Transporte se est\u00e1n tomando medidas para garantizar la seguridad y el cumplimiento de las regulaciones durante esta celebraci\u00f3n. Desde el s\u00e1bado 16 hasta el viernes 22 de septiembre, un operativo especial estar\u00e1 en funcionamiento. El operativo ser\u00e1 supervisado por un equipo de 45 inspectores [&hellip;]<\/p>\n","protected":false},"author":1,"featured_media":722,"comment_status":"open","ping_status":"open","sticky":false,"template":"","format":"standard","meta":{"footnotes":""},"categories":[99,2],"tags":[222,215],"class_list":["post-721","post","type-post","status-publish","format-standard","has-post-thumbnail","hentry","category-el-trapiche","category-pringles","tag-dia-del-estudiante","tag-operativo"],"_links":{"self":[{"href":"https:\/\/vecinosdelinterior.com\/index.php\/wp-json\/wp\/v2\/posts\/721","targetHints":{"allow":["GET"]}}],"collection":[{"href":"https:\/\/vecinosdelinterior.com\/index.php\/wp-json\/wp\/v2\/posts"}],"about":[{"href":"https:\/\/vecinosdelinterior.com\/index.php\/wp-json\/wp\/v2\/types\/post"}],"author":[{"embeddable":true,"href":"https:\/\/vecinosdelinterior.com\/index.php\/wp-json\/wp\/v2\/users\/1"}],"replies":[{"embeddable":true,"href":"https:\/\/vecinosdelinterior.com\/index.php\/wp-json\/wp\/v2\/comments?post=721"}],"version-history":[{"count":1,"href":"https:\/\/vecinosdelinterior.com\/index.php\/wp-json\/wp\/v2\/posts\/721\/revisions"}],"predecessor-version":[{"id":723,"href":"https:\/\/vecinosdelinterior.com\/index.php\/wp-json\/wp\/v2\/posts\/721\/revisions\/723"}],"wp:featuredmedia":[{"embeddable":true,"href":"https:\/\/vecinosdelinterior.com\/index.php\/wp-json\/wp\/v2\/media\/722"}],"wp:attachment":[{"href":"https:\/\/vecinosdelinterior.com\/index.php\/wp-json\/wp\/v2\/media?parent=721"}],"wp:term":[{"taxonomy":"category","embeddable":true,"href":"https:\/\/vecinosdelinterior.com\/index.php\/wp-json\/wp\/v2\/categories?post=721"},{"taxonomy":"post_tag","embeddable":true,"href":"https:\/\/vecinosdelinterior.com\/index.php\/wp-json\/wp\/v2\/tags?post=721"}],"curies":[{"name":"wp","href":"https:\/\/api.w.org\/{rel}","templated":true}]}}