{"id":756,"date":"2023-09-19T10:54:01","date_gmt":"2023-09-19T13:54:01","guid":{"rendered":"https:\/\/vecinosdelinterior.com\/?p=756"},"modified":"2023-09-19T10:54:02","modified_gmt":"2023-09-19T13:54:02","slug":"estudiantes-de-escuelas-rurales-se-destacaron-en-el-concurso-literario-voces-que-cuentan","status":"publish","type":"post","link":"https:\/\/vecinosdelinterior.com\/index.php\/2023\/09\/19\/estudiantes-de-escuelas-rurales-se-destacaron-en-el-concurso-literario-voces-que-cuentan\/","title":{"rendered":"Estudiantes de escuelas rurales se destacaron en el concurso literario \u201cVoces que cuentan\u201d"},"content":{"rendered":"\n<p>La entrega de premios se realiz\u00f3 en el Ministerio de Educaci\u00f3n con la presencia de alumnas y alumnos que formaron parte de la iniciativa, quienes estuvieron acompa\u00f1ados por docentes y directivos de sus escuelas.<\/p>\n\n\n\n<p>Este lunes, estudiantes de escuelas rurales de diferentes puntos de la provincia se dieron cita en el Ministerio de Educaci\u00f3n para recibir distintos premios y reconocimientos, luego de haber sido parte del 1\u00ba concurso literario \u201cVoces que cuentan\u201d, una iniciativa que llevaron adelante el Subprograma Educaci\u00f3n Rural y el Plan Nacional de Lecturas de San Luis, en el marco del Plan Educativo Provincial 2023.<\/p>\n\n\n\n<figure class=\"wp-block-image size-full\"><img fetchpriority=\"high\" decoding=\"async\" width=\"994\" height=\"705\" src=\"https:\/\/vecinosdelinterior.com\/wp-content\/uploads\/2023\/09\/19-9-2023-10-52-01.jpg\" alt=\"\" class=\"wp-image-757\" srcset=\"https:\/\/vecinosdelinterior.com\/wp-content\/uploads\/2023\/09\/19-9-2023-10-52-01.jpg 994w, https:\/\/vecinosdelinterior.com\/wp-content\/uploads\/2023\/09\/19-9-2023-10-52-01-300x213.jpg 300w, https:\/\/vecinosdelinterior.com\/wp-content\/uploads\/2023\/09\/19-9-2023-10-52-01-768x545.jpg 768w, https:\/\/vecinosdelinterior.com\/wp-content\/uploads\/2023\/09\/19-9-2023-10-52-01-120x86.jpg 120w, https:\/\/vecinosdelinterior.com\/wp-content\/uploads\/2023\/09\/19-9-2023-10-52-01-750x532.jpg 750w\" sizes=\"(max-width: 994px) 100vw, 994px\" \/><\/figure>\n\n\n\n<p>El certamen tuvo como objetivo encontrar al lector con su obra, proponiendo una actividad de escritura que desaf\u00ede a las y los estudiantes a realizar una pieza creativa y original, con el fin de fortalecer la experiencia de acercamiento a este g\u00e9nero y a la tarea de composici\u00f3n literaria, rescatando aspectos propios de la ruralidad, sus costumbres, paisajes, historias, vivencias, sus sue\u00f1os y su realidad. Participaron estudiantes de 4\u00ba y 5\u00ba grado (Categor\u00eda A), de 6\u00ba grado (Categor\u00eda B), y de 1\u00ba a 3\u00ba a\u00f1o del secundario (Categor\u00eda C).<\/p>\n\n\n\n<p>En esta ocasi\u00f3n, participaron la Escuela N\u00ba 437 \u201cJuan Cris\u00f3stomo Lafinur\u201d, de Lafinur; la Escuela N\u00b0 256 \u201cProvincia de Salta\u201d, de El Retamo; la Escuela N\u00ba 255 \u201cProvincia de Formosa\u201d, de Quines; la Escuela N\u00ba 73 \u201cLos Tres Granaderos\u201d, de Renca; la Escuela N\u00ba 317 \u201cEleodoro Vila\u201d, de Santa Martina; la Escuela N\u00b0197 \u201cTeniente Manuel F\u00e9lix Origone\u201d, de Concar\u00e1n; la Escuela N\u00ba 286 \u201cJuan Bautista Alberdi\u201d, de Laguna Larga; la Escuela de Jornada Completa N\u00ba 452 \u201cDr. Valent\u00edn Luco\u201d, de La Angelina; y el Circuito Generativo Rural N\u00ba 9 \u201cAcordes Puntanos\u201d, de El Suyuque.<\/p>\n\n\n\n<p>En total se recibieron 41 obras con las que se realiz\u00f3 la antolog\u00eda digital \u201cVoces que cuentan\u201d, donde tambi\u00e9n se publica una rese\u00f1a de cada escuela participante. Adem\u00e1s de los premios otorgados por el Ministerio de Educaci\u00f3n, la Casa de San Luis en Buenos Aires envi\u00f3 regalos para quienes ganaron los tres primeros puestos. Adem\u00e1s, incluir\u00e1 una presentaci\u00f3n de la antolog\u00eda en la \u201cNoche de las Casas Provinciales\u201d, que se desarrollar\u00e1 en octubre en la Ciudad Aut\u00f3noma de Buenos Aires.<\/p>\n\n\n\n<p>La estudiante Victoria Guerra, de la Escuela de Jornada Completa N\u00ba 452 \u201cDr. Valent\u00edn Luco\u201d de La Angelina, se refiri\u00f3 a la iniciativa y sostuvo: \u201cEl concurso me gust\u00f3 mucho. Nuestra se\u00f1o nos dijo que pod\u00edamos participar y cada uno ten\u00eda que hacer un poema, entonces hicimos uno sobre Malvinas. Yo hab\u00eda visto el tema de las Malvinas, de c\u00f3mo sacrificaron su vida para salvar nuestro territorio y me encant\u00f3. Esto me gust\u00f3 mucho porque chicos de diferentes escuelas hicieron su esfuerzo para escribir su poema y eso me pareci\u00f3 bueno\u201d.<\/p>\n\n\n\n<p>Por \u00faltimo, el alumno Javier Escudero de la Escuela N\u00ba 73 \u201cLos Tres Granaderos\u201d de Renca, expres\u00f3: \u201cParticipar del concurso de poes\u00edas fue muy lindo. Yo escrib\u00ed una poes\u00eda llamada \u2018Herencia\u2019, que habla sobre las herencias con respecto a nuestro lugar, nuestros abuelos, las cosas que vivimos en nuestro pueblo. Es la primera vez que escribo una poes\u00eda y me pareci\u00f3 muy lindo, por eso le digo a otros chicos que escriban, que participen de este tipo de concursos\u201d.<\/p>\n","protected":false},"excerpt":{"rendered":"<p>La entrega de premios se realiz\u00f3 en el Ministerio de Educaci\u00f3n con la presencia de alumnas y alumnos que formaron parte de la iniciativa, quienes estuvieron acompa\u00f1ados por docentes y directivos de sus escuelas. Este lunes, estudiantes de escuelas rurales de diferentes puntos de la provincia se dieron cita en el Ministerio de Educaci\u00f3n para [&hellip;]<\/p>\n","protected":false},"author":1,"featured_media":758,"comment_status":"open","ping_status":"open","sticky":false,"template":"","format":"standard","meta":{"footnotes":""},"categories":[1],"tags":[234],"class_list":["post-756","post","type-post","status-publish","format-standard","has-post-thumbnail","hentry","category-blog","tag-escuelas-rurales"],"_links":{"self":[{"href":"https:\/\/vecinosdelinterior.com\/index.php\/wp-json\/wp\/v2\/posts\/756","targetHints":{"allow":["GET"]}}],"collection":[{"href":"https:\/\/vecinosdelinterior.com\/index.php\/wp-json\/wp\/v2\/posts"}],"about":[{"href":"https:\/\/vecinosdelinterior.com\/index.php\/wp-json\/wp\/v2\/types\/post"}],"author":[{"embeddable":true,"href":"https:\/\/vecinosdelinterior.com\/index.php\/wp-json\/wp\/v2\/users\/1"}],"replies":[{"embeddable":true,"href":"https:\/\/vecinosdelinterior.com\/index.php\/wp-json\/wp\/v2\/comments?post=756"}],"version-history":[{"count":1,"href":"https:\/\/vecinosdelinterior.com\/index.php\/wp-json\/wp\/v2\/posts\/756\/revisions"}],"predecessor-version":[{"id":759,"href":"https:\/\/vecinosdelinterior.com\/index.php\/wp-json\/wp\/v2\/posts\/756\/revisions\/759"}],"wp:featuredmedia":[{"embeddable":true,"href":"https:\/\/vecinosdelinterior.com\/index.php\/wp-json\/wp\/v2\/media\/758"}],"wp:attachment":[{"href":"https:\/\/vecinosdelinterior.com\/index.php\/wp-json\/wp\/v2\/media?parent=756"}],"wp:term":[{"taxonomy":"category","embeddable":true,"href":"https:\/\/vecinosdelinterior.com\/index.php\/wp-json\/wp\/v2\/categories?post=756"},{"taxonomy":"post_tag","embeddable":true,"href":"https:\/\/vecinosdelinterior.com\/index.php\/wp-json\/wp\/v2\/tags?post=756"}],"curies":[{"name":"wp","href":"https:\/\/api.w.org\/{rel}","templated":true}]}}