{"id":760,"date":"2023-09-19T18:21:55","date_gmt":"2023-09-19T21:21:55","guid":{"rendered":"https:\/\/vecinosdelinterior.com\/?p=760"},"modified":"2023-09-19T18:21:56","modified_gmt":"2023-09-19T21:21:56","slug":"la-toma-bomberos-sofocaron-el-incendio-en-un-campo","status":"publish","type":"post","link":"https:\/\/vecinosdelinterior.com\/index.php\/2023\/09\/19\/la-toma-bomberos-sofocaron-el-incendio-en-un-campo\/","title":{"rendered":"La Toma: bomberos sofocaron el incendio en un campo"},"content":{"rendered":"\n<p>Efectivos del Cuartel VI, La Toma, dependientes de la Direcci\u00f3n General de Bomberos, extinguieron el incendio en un campo, situado en el paraje Rinc\u00f3n del Carmen.<br>La intervenci\u00f3n fue este martes 19 de septiembre.<br>Se tratan de establecer las razones que origin\u00f3 el siniestro. Solo se registraron da\u00f1os materiales.<br>Los bomberos realizaron las tareas de extinci\u00f3n.<br>Colabor\u00f3 en las tareas peeventivas, bomberos voluntarios de Merlo, Tilisarao y Santa Rosa.<\/p>\n\n\n\n<figure class=\"wp-block-image size-large\"><img fetchpriority=\"high\" decoding=\"async\" width=\"1024\" height=\"768\" src=\"https:\/\/vecinosdelinterior.com\/wp-content\/uploads\/2023\/09\/WhatsApp-Image-2023-09-19-at-14.04.14-1024x768.jpeg\" alt=\"\" class=\"wp-image-761\" srcset=\"https:\/\/vecinosdelinterior.com\/wp-content\/uploads\/2023\/09\/WhatsApp-Image-2023-09-19-at-14.04.14-1024x768.jpeg 1024w, https:\/\/vecinosdelinterior.com\/wp-content\/uploads\/2023\/09\/WhatsApp-Image-2023-09-19-at-14.04.14-300x225.jpeg 300w, https:\/\/vecinosdelinterior.com\/wp-content\/uploads\/2023\/09\/WhatsApp-Image-2023-09-19-at-14.04.14-768x576.jpeg 768w, https:\/\/vecinosdelinterior.com\/wp-content\/uploads\/2023\/09\/WhatsApp-Image-2023-09-19-at-14.04.14-750x563.jpeg 750w, https:\/\/vecinosdelinterior.com\/wp-content\/uploads\/2023\/09\/WhatsApp-Image-2023-09-19-at-14.04.14-1140x855.jpeg 1140w, https:\/\/vecinosdelinterior.com\/wp-content\/uploads\/2023\/09\/WhatsApp-Image-2023-09-19-at-14.04.14.jpeg 1280w\" sizes=\"(max-width: 1024px) 100vw, 1024px\" \/><\/figure>\n","protected":false},"excerpt":{"rendered":"<p>Efectivos del Cuartel VI, La Toma, dependientes de la Direcci\u00f3n General de Bomberos, extinguieron el incendio en un campo, situado en el paraje Rinc\u00f3n del Carmen.La intervenci\u00f3n fue este martes 19 de septiembre.Se tratan de establecer las razones que origin\u00f3 el siniestro. Solo se registraron da\u00f1os materiales.Los bomberos realizaron las tareas de extinci\u00f3n.Colabor\u00f3 en las [&hellip;]<\/p>\n","protected":false},"author":1,"featured_media":761,"comment_status":"open","ping_status":"open","sticky":false,"template":"","format":"standard","meta":{"footnotes":""},"categories":[3,2],"tags":[77,6],"class_list":["post-760","post","type-post","status-publish","format-standard","has-post-thumbnail","hentry","category-la-toma","category-pringles","tag-incendio","tag-la-toma"],"_links":{"self":[{"href":"https:\/\/vecinosdelinterior.com\/index.php\/wp-json\/wp\/v2\/posts\/760","targetHints":{"allow":["GET"]}}],"collection":[{"href":"https:\/\/vecinosdelinterior.com\/index.php\/wp-json\/wp\/v2\/posts"}],"about":[{"href":"https:\/\/vecinosdelinterior.com\/index.php\/wp-json\/wp\/v2\/types\/post"}],"author":[{"embeddable":true,"href":"https:\/\/vecinosdelinterior.com\/index.php\/wp-json\/wp\/v2\/users\/1"}],"replies":[{"embeddable":true,"href":"https:\/\/vecinosdelinterior.com\/index.php\/wp-json\/wp\/v2\/comments?post=760"}],"version-history":[{"count":1,"href":"https:\/\/vecinosdelinterior.com\/index.php\/wp-json\/wp\/v2\/posts\/760\/revisions"}],"predecessor-version":[{"id":762,"href":"https:\/\/vecinosdelinterior.com\/index.php\/wp-json\/wp\/v2\/posts\/760\/revisions\/762"}],"wp:featuredmedia":[{"embeddable":true,"href":"https:\/\/vecinosdelinterior.com\/index.php\/wp-json\/wp\/v2\/media\/761"}],"wp:attachment":[{"href":"https:\/\/vecinosdelinterior.com\/index.php\/wp-json\/wp\/v2\/media?parent=760"}],"wp:term":[{"taxonomy":"category","embeddable":true,"href":"https:\/\/vecinosdelinterior.com\/index.php\/wp-json\/wp\/v2\/categories?post=760"},{"taxonomy":"post_tag","embeddable":true,"href":"https:\/\/vecinosdelinterior.com\/index.php\/wp-json\/wp\/v2\/tags?post=760"}],"curies":[{"name":"wp","href":"https:\/\/api.w.org\/{rel}","templated":true}]}}