{"id":763,"date":"2023-09-19T18:24:52","date_gmt":"2023-09-19T21:24:52","guid":{"rendered":"https:\/\/vecinosdelinterior.com\/?p=763"},"modified":"2023-09-19T18:24:52","modified_gmt":"2023-09-19T21:24:52","slug":"quines-en-un-allanamiento-se-recupero-la-totalidad-de-bienes-sustraidos-hay-dos-detenidos","status":"publish","type":"post","link":"https:\/\/vecinosdelinterior.com\/index.php\/2023\/09\/19\/quines-en-un-allanamiento-se-recupero-la-totalidad-de-bienes-sustraidos-hay-dos-detenidos\/","title":{"rendered":"Quines: en un allanamiento se recuper\u00f3 la totalidad de bienes sustra\u00eddos. Hay dos detenidos"},"content":{"rendered":"\n<p>La medida judicial fue ordenada por el Juzgado de Garant\u00eda N\u00b0 1, a cargo del Doctor Juan Manuel Montiveros Chada, en las \u00faltimas horas, por una causa caratulada preventivamente \u201caveriguaci\u00f3n robo\u201d.<br>Fue a ra\u00edz de un hecho ocurrido el pasado 12 de septiembre, en un domicilio ubicado en la manzana A, del barrio 59 Viviendas, en la localidad de Quines, de donde habr\u00edan sido sustra\u00eddos varios bienes.<br>Luego de tareas investigativas realizadas por personal de la Comisar\u00eda Distrito N\u00b0 15 de Quines, fue requisado un domicilio, sito en calle Malvinas Argentinas entre Mariano Moreno y Rub\u00e9n Dom\u00ednguez.<br>En el allanamiento los intervinientes secuestraron, ropa de vestir y diferentes especies de aves Canoras. Detuvieron a un joven de 23 y un hombre de 32 a\u00f1os de edad, siendo este \u00faltimo oriundo de la provincia de Buenos Aires.<br>Tom\u00f3 intervenci\u00f3n, la Divisi\u00f3n Polic\u00eda Ecol\u00f3gica y Ambiental, dependientes de la Direcci\u00f3n General de Polic\u00eda Caminera y Seguridad Vial.<br>Adem\u00e1s, los actuantes indicaron, que incautaron los elementos sustra\u00eddos, los cuales, habr\u00edan sido vendidos al propietario de un domicilio de la avenida C\u00f3rdoba, de la localidad de Quines.<br>Los bienes incautados ser\u00edan: un televisor de 55\u2033, un control remoto,<br>una potencia de sonido, una pantalla de sonido , una amoladora industrial, dos parlantes y herramientas varias.<br>Ambos detenidos fueron puestos a disposici\u00f3n de la justicia y a posterior trasladados a la Comisar\u00eda Distrito N\u00b0 15, de la mencionada localidad.<\/p>\n\n\n\n<figure class=\"wp-block-image size-large\"><img fetchpriority=\"high\" decoding=\"async\" width=\"1024\" height=\"1024\" src=\"https:\/\/vecinosdelinterior.com\/wp-content\/uploads\/2023\/09\/20230919_105507-2048x2048-1-1024x1024.jpg\" alt=\"\" class=\"wp-image-764\" srcset=\"https:\/\/vecinosdelinterior.com\/wp-content\/uploads\/2023\/09\/20230919_105507-2048x2048-1-1024x1024.jpg 1024w, https:\/\/vecinosdelinterior.com\/wp-content\/uploads\/2023\/09\/20230919_105507-2048x2048-1-300x300.jpg 300w, https:\/\/vecinosdelinterior.com\/wp-content\/uploads\/2023\/09\/20230919_105507-2048x2048-1-150x150.jpg 150w, https:\/\/vecinosdelinterior.com\/wp-content\/uploads\/2023\/09\/20230919_105507-2048x2048-1-768x768.jpg 768w, https:\/\/vecinosdelinterior.com\/wp-content\/uploads\/2023\/09\/20230919_105507-2048x2048-1-1536x1536.jpg 1536w, https:\/\/vecinosdelinterior.com\/wp-content\/uploads\/2023\/09\/20230919_105507-2048x2048-1-75x75.jpg 75w, https:\/\/vecinosdelinterior.com\/wp-content\/uploads\/2023\/09\/20230919_105507-2048x2048-1-750x750.jpg 750w, https:\/\/vecinosdelinterior.com\/wp-content\/uploads\/2023\/09\/20230919_105507-2048x2048-1-1140x1140.jpg 1140w, https:\/\/vecinosdelinterior.com\/wp-content\/uploads\/2023\/09\/20230919_105507-2048x2048-1.jpg 2048w\" sizes=\"(max-width: 1024px) 100vw, 1024px\" \/><\/figure>\n","protected":false},"excerpt":{"rendered":"<p>La medida judicial fue ordenada por el Juzgado de Garant\u00eda N\u00b0 1, a cargo del Doctor Juan Manuel Montiveros Chada, en las \u00faltimas horas, por una causa caratulada preventivamente \u201caveriguaci\u00f3n robo\u201d.Fue a ra\u00edz de un hecho ocurrido el pasado 12 de septiembre, en un domicilio ubicado en la manzana A, del barrio 59 Viviendas, en [&hellip;]<\/p>\n","protected":false},"author":1,"featured_media":764,"comment_status":"open","ping_status":"open","sticky":false,"template":"","format":"standard","meta":{"footnotes":""},"categories":[8,54],"tags":[101,60],"class_list":["post-763","post","type-post","status-publish","format-standard","has-post-thumbnail","hentry","category-ayacucho","category-quines-ayacucho","tag-quines","tag-robo"],"_links":{"self":[{"href":"https:\/\/vecinosdelinterior.com\/index.php\/wp-json\/wp\/v2\/posts\/763","targetHints":{"allow":["GET"]}}],"collection":[{"href":"https:\/\/vecinosdelinterior.com\/index.php\/wp-json\/wp\/v2\/posts"}],"about":[{"href":"https:\/\/vecinosdelinterior.com\/index.php\/wp-json\/wp\/v2\/types\/post"}],"author":[{"embeddable":true,"href":"https:\/\/vecinosdelinterior.com\/index.php\/wp-json\/wp\/v2\/users\/1"}],"replies":[{"embeddable":true,"href":"https:\/\/vecinosdelinterior.com\/index.php\/wp-json\/wp\/v2\/comments?post=763"}],"version-history":[{"count":1,"href":"https:\/\/vecinosdelinterior.com\/index.php\/wp-json\/wp\/v2\/posts\/763\/revisions"}],"predecessor-version":[{"id":765,"href":"https:\/\/vecinosdelinterior.com\/index.php\/wp-json\/wp\/v2\/posts\/763\/revisions\/765"}],"wp:featuredmedia":[{"embeddable":true,"href":"https:\/\/vecinosdelinterior.com\/index.php\/wp-json\/wp\/v2\/media\/764"}],"wp:attachment":[{"href":"https:\/\/vecinosdelinterior.com\/index.php\/wp-json\/wp\/v2\/media?parent=763"}],"wp:term":[{"taxonomy":"category","embeddable":true,"href":"https:\/\/vecinosdelinterior.com\/index.php\/wp-json\/wp\/v2\/categories?post=763"},{"taxonomy":"post_tag","embeddable":true,"href":"https:\/\/vecinosdelinterior.com\/index.php\/wp-json\/wp\/v2\/tags?post=763"}],"curies":[{"name":"wp","href":"https:\/\/api.w.org\/{rel}","templated":true}]}}