{"id":779,"date":"2023-09-21T17:35:23","date_gmt":"2023-09-21T20:35:23","guid":{"rendered":"https:\/\/vecinosdelinterior.com\/?p=779"},"modified":"2023-09-21T17:35:24","modified_gmt":"2023-09-21T20:35:24","slug":"miles-de-estudiantes-disfrutaron-a-pleno-en-el-trapiche","status":"publish","type":"post","link":"https:\/\/vecinosdelinterior.com\/index.php\/2023\/09\/21\/miles-de-estudiantes-disfrutaron-a-pleno-en-el-trapiche\/","title":{"rendered":"Miles de estudiantes disfrutaron a pleno en El Trapiche"},"content":{"rendered":"\n<p>La previa del D\u00eda del Estudiante y la primavera fue un \u00e9xito en la localidad. Las promos y estudiantes de distintas escuelas se concentraron en la costanera para pasar el d\u00eda, bailar, compartir con sus pares y hacer distintas actividades propuestas por los distintos ministerios de Gobierno.<\/p>\n\n\n\n<p>Con un operativo de seguridad que se destac\u00f3 desde el ingreso a la localidad, miles de j\u00f3venes se concentraron en la costanera del r\u00edo. Fabricio Ch\u00e1vez, de la Escuela T\u00e9cnica N\u00ba 7, expres\u00f3: \u201cLa estamos pasando muy bien, hoy nos enteramos que va a venir mucha gente por los shows\u201d. Los j\u00f3venes disfrutan de la tarde jugando al v\u00f3ley, tomando mate, escuchando m\u00fasica. Adem\u00e1s contaron que por la noche se juntan con otras promos para bailar.<\/p>\n\n\n\n<p>Entre las actividades que se realizan est\u00e1n los torneos de truco y de v\u00f3ley, que son un gran entretenimiento para los estudiantes. \u201cLa organizaci\u00f3n ha sido muy buena\u201d, agreg\u00f3 el joven.<\/p>\n\n\n\n<figure class=\"wp-block-image size-full\"><img fetchpriority=\"high\" decoding=\"async\" width=\"960\" height=\"706\" src=\"https:\/\/vecinosdelinterior.com\/wp-content\/uploads\/2023\/09\/21-9-2023-17-31-23.jpg\" alt=\"\" class=\"wp-image-780\" srcset=\"https:\/\/vecinosdelinterior.com\/wp-content\/uploads\/2023\/09\/21-9-2023-17-31-23.jpg 960w, https:\/\/vecinosdelinterior.com\/wp-content\/uploads\/2023\/09\/21-9-2023-17-31-23-300x221.jpg 300w, https:\/\/vecinosdelinterior.com\/wp-content\/uploads\/2023\/09\/21-9-2023-17-31-23-768x565.jpg 768w, https:\/\/vecinosdelinterior.com\/wp-content\/uploads\/2023\/09\/21-9-2023-17-31-23-750x552.jpg 750w\" sizes=\"(max-width: 960px) 100vw, 960px\" \/><\/figure>\n\n\n\n<p>Por su parte, Facundo Callejas , de la promo Naufferios del Centro Educativo N\u00ba1 \u201cJuan Pascual Pringles\u201d, cont\u00f3: \u201cEstamos desde el lunes y tenemos pensado quedarnos hasta el viernes. Hoy nos levantamos a las 6:00 y nos metimos en el rio, todos congelados metidos ah\u00ed fue una sensaci\u00f3n \u00fanica y la emoci\u00f3n de ser promo\u201d. Como la mayor\u00eda de los estudiantes que se encuentran en el \u00faltimo a\u00f1o decidieron compartir y disfrutar al m\u00e1ximo su d\u00eda.<\/p>\n\n\n\n<p>En un trabajo articulado entre las distintas \u00e1reas de Gobierno, la Secretar\u00eda de la Mujer, Diversidad e Igualdad estuvo con un stand con diferentes propuestas para los j\u00f3venes. Gabriela Funes, encargada del programa Promoci\u00f3n para la Igualdad Sustantiva, dijo: \u201cPudimos traer un mont\u00f3n de propuestas de juegos, de concientizaci\u00f3n, respecto al cuidado de las relaciones respetuosas y con consentimiento. Pudimos charlar con las juventudes con este paso hist\u00f3rico de la democracia de los 40 a\u00f1os, con toda la conquista de derechos respecto a la perspectiva de g\u00e9nero y las conquistas que tenemos los feminismos y las identidades\u201d.<\/p>\n\n\n\n<p>Uno de los juegos que presentaron, y que fue un \u00e9xito, se trata de frases que han dicho bandas de rock. Las juventudes est\u00e1n empapadas con este recorrido hist\u00f3rico que les propuso la Secretar\u00eda: \u201cadem\u00e1s tenemos una foto cabina, donde pueden seleccionar su derecho, donde se sienten representados y sacarse la foto con sus promos\u201d, destac\u00f3 Funes.<\/p>\n\n\n\n<p>Finalizando la noche y esperando la primavera a pura m\u00fasica, los shows de Perro Primo y el Negro Tecla fueron los m\u00e1s ovacionados.<\/p>\n","protected":false},"excerpt":{"rendered":"<p>La previa del D\u00eda del Estudiante y la primavera fue un \u00e9xito en la localidad. Las promos y estudiantes de distintas escuelas se concentraron en la costanera para pasar el d\u00eda, bailar, compartir con sus pares y hacer distintas actividades propuestas por los distintos ministerios de Gobierno. Con un operativo de seguridad que se destac\u00f3 [&hellip;]<\/p>\n","protected":false},"author":1,"featured_media":781,"comment_status":"open","ping_status":"open","sticky":false,"template":"","format":"standard","meta":{"footnotes":""},"categories":[99,2],"tags":[222,212],"class_list":["post-779","post","type-post","status-publish","format-standard","has-post-thumbnail","hentry","category-el-trapiche","category-pringles","tag-dia-del-estudiante","tag-el-trapiche"],"_links":{"self":[{"href":"https:\/\/vecinosdelinterior.com\/index.php\/wp-json\/wp\/v2\/posts\/779","targetHints":{"allow":["GET"]}}],"collection":[{"href":"https:\/\/vecinosdelinterior.com\/index.php\/wp-json\/wp\/v2\/posts"}],"about":[{"href":"https:\/\/vecinosdelinterior.com\/index.php\/wp-json\/wp\/v2\/types\/post"}],"author":[{"embeddable":true,"href":"https:\/\/vecinosdelinterior.com\/index.php\/wp-json\/wp\/v2\/users\/1"}],"replies":[{"embeddable":true,"href":"https:\/\/vecinosdelinterior.com\/index.php\/wp-json\/wp\/v2\/comments?post=779"}],"version-history":[{"count":1,"href":"https:\/\/vecinosdelinterior.com\/index.php\/wp-json\/wp\/v2\/posts\/779\/revisions"}],"predecessor-version":[{"id":782,"href":"https:\/\/vecinosdelinterior.com\/index.php\/wp-json\/wp\/v2\/posts\/779\/revisions\/782"}],"wp:featuredmedia":[{"embeddable":true,"href":"https:\/\/vecinosdelinterior.com\/index.php\/wp-json\/wp\/v2\/media\/781"}],"wp:attachment":[{"href":"https:\/\/vecinosdelinterior.com\/index.php\/wp-json\/wp\/v2\/media?parent=779"}],"wp:term":[{"taxonomy":"category","embeddable":true,"href":"https:\/\/vecinosdelinterior.com\/index.php\/wp-json\/wp\/v2\/categories?post=779"},{"taxonomy":"post_tag","embeddable":true,"href":"https:\/\/vecinosdelinterior.com\/index.php\/wp-json\/wp\/v2\/tags?post=779"}],"curies":[{"name":"wp","href":"https:\/\/api.w.org\/{rel}","templated":true}]}}