{"id":790,"date":"2023-09-25T10:31:17","date_gmt":"2023-09-25T13:31:17","guid":{"rendered":"https:\/\/vecinosdelinterior.com\/?p=790"},"modified":"2023-09-25T10:31:18","modified_gmt":"2023-09-25T13:31:18","slug":"la-angelina-juan-jorba-cazadores-furtivos-fueron-sorprendidos-en-distintos-procedimientos","status":"publish","type":"post","link":"https:\/\/vecinosdelinterior.com\/index.php\/2023\/09\/25\/la-angelina-juan-jorba-cazadores-furtivos-fueron-sorprendidos-en-distintos-procedimientos\/","title":{"rendered":"La Angelina \u2013 Juan Jorba: cazadores furtivos fueron sorprendidos en distintos procedimientos"},"content":{"rendered":"\n<figure class=\"wp-block-image size-large\"><img fetchpriority=\"high\" decoding=\"async\" width=\"1024\" height=\"1024\" src=\"https:\/\/vecinosdelinterior.com\/wp-content\/uploads\/2023\/09\/380782783_163993113418050_5663497648047608951_n-1024x1024.jpg\" alt=\"\" class=\"wp-image-791\" srcset=\"https:\/\/vecinosdelinterior.com\/wp-content\/uploads\/2023\/09\/380782783_163993113418050_5663497648047608951_n-1024x1024.jpg 1024w, https:\/\/vecinosdelinterior.com\/wp-content\/uploads\/2023\/09\/380782783_163993113418050_5663497648047608951_n-300x300.jpg 300w, https:\/\/vecinosdelinterior.com\/wp-content\/uploads\/2023\/09\/380782783_163993113418050_5663497648047608951_n-150x150.jpg 150w, https:\/\/vecinosdelinterior.com\/wp-content\/uploads\/2023\/09\/380782783_163993113418050_5663497648047608951_n-768x768.jpg 768w, https:\/\/vecinosdelinterior.com\/wp-content\/uploads\/2023\/09\/380782783_163993113418050_5663497648047608951_n-75x75.jpg 75w, https:\/\/vecinosdelinterior.com\/wp-content\/uploads\/2023\/09\/380782783_163993113418050_5663497648047608951_n-750x750.jpg 750w, https:\/\/vecinosdelinterior.com\/wp-content\/uploads\/2023\/09\/380782783_163993113418050_5663497648047608951_n-1140x1140.jpg 1140w, https:\/\/vecinosdelinterior.com\/wp-content\/uploads\/2023\/09\/380782783_163993113418050_5663497648047608951_n.jpg 1440w\" sizes=\"(max-width: 1024px) 100vw, 1024px\" \/><\/figure>\n\n\n\n<p>Sendas intervenciones fueron llevadas a cabo en las \u00faltimas horas por efectivos de la Divisi\u00f3n Polic\u00eda Ecol\u00f3gica, perteneciente al Departamento de Brigadas Especiales, dependiente de la Direcci\u00f3n General de Polic\u00eda Caminera y Seguridad Vial.<\/p>\n\n\n\n<p>El primero, tuvo lugar en la Autopista Provincial N\u00b055 y camino vecinal \u201cEl Bombero\u201d, en la Angelina, all\u00ed fueron identificados los dos ocupantes de una Ford F100,<\/p>\n\n\n\n<p>En una segunda intervenci\u00f3n materializada a 15 kil\u00f3metros de la localidad de Juan Jorba, fue identificado al conductor de un Renault 9 de y a su acompa\u00f1ante.<\/p>\n\n\n\n<p>En ambos casos los infractores no pose\u00edan los permisos para la pr\u00e1ctica de la caza, transportaban canes utilizados para esta actividad y como resultado de las requisas en los rodados les fue incautado elementos tales como cuchillos y linternas.<\/p>\n\n\n\n<p>Fueron labradas las actas pertinentes por infracci\u00f3n a La Ley Provincial de Protecci\u00f3n y Conservaci\u00f3n de la Fauna. Tom\u00f3 intervenci\u00f3n el Programa Recursos Naturales, dependiente de la Secretar\u00eda de Medioambiente, detallaron los actuantes.<\/p>\n","protected":false},"excerpt":{"rendered":"<p>Sendas intervenciones fueron llevadas a cabo en las \u00faltimas horas por efectivos de la Divisi\u00f3n Polic\u00eda Ecol\u00f3gica, perteneciente al Departamento de Brigadas Especiales, dependiente de la Direcci\u00f3n General de Polic\u00eda Caminera y Seguridad Vial. El primero, tuvo lugar en la Autopista Provincial N\u00b055 y camino vecinal \u201cEl Bombero\u201d, en la Angelina, all\u00ed fueron identificados los [&hellip;]<\/p>\n","protected":false},"author":1,"featured_media":791,"comment_status":"open","ping_status":"open","sticky":false,"template":"","format":"standard","meta":{"footnotes":""},"categories":[240,98],"tags":[],"class_list":["post-790","post","type-post","status-publish","format-standard","has-post-thumbnail","hentry","category-juan-jorba","category-pedernera"],"_links":{"self":[{"href":"https:\/\/vecinosdelinterior.com\/index.php\/wp-json\/wp\/v2\/posts\/790","targetHints":{"allow":["GET"]}}],"collection":[{"href":"https:\/\/vecinosdelinterior.com\/index.php\/wp-json\/wp\/v2\/posts"}],"about":[{"href":"https:\/\/vecinosdelinterior.com\/index.php\/wp-json\/wp\/v2\/types\/post"}],"author":[{"embeddable":true,"href":"https:\/\/vecinosdelinterior.com\/index.php\/wp-json\/wp\/v2\/users\/1"}],"replies":[{"embeddable":true,"href":"https:\/\/vecinosdelinterior.com\/index.php\/wp-json\/wp\/v2\/comments?post=790"}],"version-history":[{"count":1,"href":"https:\/\/vecinosdelinterior.com\/index.php\/wp-json\/wp\/v2\/posts\/790\/revisions"}],"predecessor-version":[{"id":792,"href":"https:\/\/vecinosdelinterior.com\/index.php\/wp-json\/wp\/v2\/posts\/790\/revisions\/792"}],"wp:featuredmedia":[{"embeddable":true,"href":"https:\/\/vecinosdelinterior.com\/index.php\/wp-json\/wp\/v2\/media\/791"}],"wp:attachment":[{"href":"https:\/\/vecinosdelinterior.com\/index.php\/wp-json\/wp\/v2\/media?parent=790"}],"wp:term":[{"taxonomy":"category","embeddable":true,"href":"https:\/\/vecinosdelinterior.com\/index.php\/wp-json\/wp\/v2\/categories?post=790"},{"taxonomy":"post_tag","embeddable":true,"href":"https:\/\/vecinosdelinterior.com\/index.php\/wp-json\/wp\/v2\/tags?post=790"}],"curies":[{"name":"wp","href":"https:\/\/api.w.org\/{rel}","templated":true}]}}