{"id":7923,"date":"2026-08-30T13:53:36","date_gmt":"2026-08-30T16:53:36","guid":{"rendered":"https:\/\/vecinosdelinterior.com\/?p=7923"},"modified":"2026-08-31T13:54:25","modified_gmt":"2026-08-31T16:54:25","slug":"quines-un-joven-fallecio-tras-un-choque-entre-una-motocicleta-y-un-automovil-en-la-ruta-nacional-79","status":"publish","type":"post","link":"https:\/\/vecinosdelinterior.com\/index.php\/2026\/08\/30\/quines-un-joven-fallecio-tras-un-choque-entre-una-motocicleta-y-un-automovil-en-la-ruta-nacional-79\/","title":{"rendered":"Quines: un joven falleci\u00f3 tras un choque entre una motocicleta y un autom\u00f3vil en la ruta nacional 79"},"content":{"rendered":"\n<p>Vecinos del Interior Puntano \/ 30 de agosto<br>Este domingo 30 de agosto por la ma\u00f1ana, alrededor de las 7:30, se produjo un accidente de tr\u00e1nsito fatal en el cruce de la ruta nacional 79 y calle Teodoro Llanos, en la localidad de Quines.<br>En ese sitio por razones que se tratan de establecer, colisionaron una motocicleta Tornado 250 que era conducida por un joven de 23 a\u00f1os de edad (con domicilio en Quines) y un autom\u00f3vil Peugeot 208 que era conducido por un hombre de 39 a\u00f1os, quien iba en compa\u00f1\u00eda de tres mujeres de 32, 34 y 41 a\u00f1os de edad (todos con domicilio en Quines).<\/p>\n\n\n\n<figure class=\"wp-block-image size-full\"><img fetchpriority=\"high\" decoding=\"async\" width=\"900\" height=\"999\" src=\"https:\/\/vecinosdelinterior.com\/wp-content\/uploads\/2026\/08\/WhatsApp-Image-2026-08-30-at-12.26.20-PM-1.jpeg\" alt=\"\" class=\"wp-image-7924\" srcset=\"https:\/\/vecinosdelinterior.com\/wp-content\/uploads\/2026\/08\/WhatsApp-Image-2026-08-30-at-12.26.20-PM-1.jpeg 900w, https:\/\/vecinosdelinterior.com\/wp-content\/uploads\/2026\/08\/WhatsApp-Image-2026-08-30-at-12.26.20-PM-1-270x300.jpeg 270w, https:\/\/vecinosdelinterior.com\/wp-content\/uploads\/2026\/08\/WhatsApp-Image-2026-08-30-at-12.26.20-PM-1-768x852.jpeg 768w, https:\/\/vecinosdelinterior.com\/wp-content\/uploads\/2026\/08\/WhatsApp-Image-2026-08-30-at-12.26.20-PM-1-750x833.jpeg 750w\" sizes=\"(max-width: 900px) 100vw, 900px\" \/><\/figure>\n\n\n\n<p><br>De acuerdo a las averiguaciones policiales, el auto circulaba por la ruta nacional 79, mientras que la motocicleta circulaba por calle Teodoro Llanos.<br>A ra\u00edz del impacto, el conductor de la moto perdi\u00f3 la vida en el lugar, lo que fue constatado por personal m\u00e9dico que acudi\u00f3 a ese sitio.<br>Cabe se\u00f1alar que se le realiz\u00f3 el alcotest al conductor del autom\u00f3vil, y el mismo arroj\u00f3 resultado negativo de 0,00 g\/l de alcohol en sangre.<br>En el lugar del siniestro vial trabajaron efectivos de distintas dependencias de la Polic\u00eda de la Provincia, quienes realizaron las tareas correspondientes con respecto a las circunstancias del hecho.<br>(Informaci\u00f3n Policial)<\/p>\n","protected":false},"excerpt":{"rendered":"<p>Vecinos del Interior Puntano \/ 30 de agostoEste domingo 30 de agosto por la ma\u00f1ana, alrededor de las 7:30, se produjo un accidente de tr\u00e1nsito fatal en el cruce de la ruta nacional 79 y calle Teodoro Llanos, en la localidad de Quines.En ese sitio por razones que se tratan de establecer, colisionaron una motocicleta [&hellip;]<\/p>\n","protected":false},"author":1,"featured_media":7924,"comment_status":"open","ping_status":"open","sticky":false,"template":"","format":"standard","meta":{"footnotes":""},"categories":[8,54],"tags":[],"class_list":["post-7923","post","type-post","status-publish","format-standard","has-post-thumbnail","hentry","category-ayacucho","category-quines-ayacucho"],"_links":{"self":[{"href":"https:\/\/vecinosdelinterior.com\/index.php\/wp-json\/wp\/v2\/posts\/7923","targetHints":{"allow":["GET"]}}],"collection":[{"href":"https:\/\/vecinosdelinterior.com\/index.php\/wp-json\/wp\/v2\/posts"}],"about":[{"href":"https:\/\/vecinosdelinterior.com\/index.php\/wp-json\/wp\/v2\/types\/post"}],"author":[{"embeddable":true,"href":"https:\/\/vecinosdelinterior.com\/index.php\/wp-json\/wp\/v2\/users\/1"}],"replies":[{"embeddable":true,"href":"https:\/\/vecinosdelinterior.com\/index.php\/wp-json\/wp\/v2\/comments?post=7923"}],"version-history":[{"count":1,"href":"https:\/\/vecinosdelinterior.com\/index.php\/wp-json\/wp\/v2\/posts\/7923\/revisions"}],"predecessor-version":[{"id":7925,"href":"https:\/\/vecinosdelinterior.com\/index.php\/wp-json\/wp\/v2\/posts\/7923\/revisions\/7925"}],"wp:featuredmedia":[{"embeddable":true,"href":"https:\/\/vecinosdelinterior.com\/index.php\/wp-json\/wp\/v2\/media\/7924"}],"wp:attachment":[{"href":"https:\/\/vecinosdelinterior.com\/index.php\/wp-json\/wp\/v2\/media?parent=7923"}],"wp:term":[{"taxonomy":"category","embeddable":true,"href":"https:\/\/vecinosdelinterior.com\/index.php\/wp-json\/wp\/v2\/categories?post=7923"},{"taxonomy":"post_tag","embeddable":true,"href":"https:\/\/vecinosdelinterior.com\/index.php\/wp-json\/wp\/v2\/tags?post=7923"}],"curies":[{"name":"wp","href":"https:\/\/api.w.org\/{rel}","templated":true}]}}