{"id":7933,"date":"2026-09-02T12:12:35","date_gmt":"2026-09-02T15:12:35","guid":{"rendered":"https:\/\/vecinosdelinterior.com\/?p=7933"},"modified":"2026-09-03T12:13:28","modified_gmt":"2026-09-03T15:13:28","slug":"comienzan-los-jueves-de-cine-en-el-centro-cultural-de-san-francisco-del-monte-de-oro","status":"publish","type":"post","link":"https:\/\/vecinosdelinterior.com\/index.php\/2026\/09\/02\/comienzan-los-jueves-de-cine-en-el-centro-cultural-de-san-francisco-del-monte-de-oro\/","title":{"rendered":"Comienzan los \u2018Jueves de cine\u2019 en el Centro Cultural de San Francisco del Monte de Oro"},"content":{"rendered":"\n<p>Vecinos del Interior Puntano \/ 02 DE SETIEMBRE<br>Con entrada libre y gratuita, en la sala \u2018Clara Chut\u00fan\u2019 la primera funci\u00f3n ser\u00e1 a las 19:00 y proyectar\u00e1 \u2018Un lugar en el mundo\u2019, de Adolfo Aristarain.<br>San Francisco del Monte de Oro volver\u00e1 a encontrarse con el s\u00e9ptimo arte. Este jueves, el Centro Cultural pondr\u00e1 en marcha \u2018Jueves de Cine\u2019, un nuevo ciclo que busca incorporar la proyecci\u00f3n cinematogr\u00e1fica a la agenda cultural de la localidad y generar un espacio de encuentro abierto a toda la comunidad en el norte provincial.<\/p>\n\n\n\n<figure class=\"wp-block-image size-large\"><img fetchpriority=\"high\" decoding=\"async\" width=\"1024\" height=\"683\" src=\"https:\/\/vecinosdelinterior.com\/wp-content\/uploads\/2026\/09\/786391061_2116974125835657_7066633215327970814_n-1024x683.jpg\" alt=\"\" class=\"wp-image-7934\" srcset=\"https:\/\/vecinosdelinterior.com\/wp-content\/uploads\/2026\/09\/786391061_2116974125835657_7066633215327970814_n-1024x683.jpg 1024w, https:\/\/vecinosdelinterior.com\/wp-content\/uploads\/2026\/09\/786391061_2116974125835657_7066633215327970814_n-300x200.jpg 300w, https:\/\/vecinosdelinterior.com\/wp-content\/uploads\/2026\/09\/786391061_2116974125835657_7066633215327970814_n-768x512.jpg 768w, https:\/\/vecinosdelinterior.com\/wp-content\/uploads\/2026\/09\/786391061_2116974125835657_7066633215327970814_n-750x500.jpg 750w, https:\/\/vecinosdelinterior.com\/wp-content\/uploads\/2026\/09\/786391061_2116974125835657_7066633215327970814_n-1140x760.jpg 1140w, https:\/\/vecinosdelinterior.com\/wp-content\/uploads\/2026\/09\/786391061_2116974125835657_7066633215327970814_n.jpg 1254w\" sizes=\"(max-width: 1024px) 100vw, 1024px\" \/><\/figure>\n\n\n\n<p><br>La propuesta forma parte de una etapa de fortalecimiento y acceso a la cultura, con actividades destinadas a vecinos de distintas edades. En ese marco, el cine se incorpora como una alternativa para recuperar la experiencia de compartir una pel\u00edcula en una sala y, al mismo tiempo, acercar distintas expresiones de la producci\u00f3n audiovisual.<br>La primera pel\u00edcula elegida es \u2018Un lugar en el mundo\u2019, dirigida por Adolfo Aristarain y estrenada en 1992. El filme, protagonizado por Federico Luppi, Cecilia Roth, Jos\u00e9 Sacrist\u00e1n y Gast\u00f3n Pauls, se convirti\u00f3 en una de las obras m\u00e1s reconocidas del cine argentino.<br>La historia transcurre en un peque\u00f1o pueblo y aborda los v\u00ednculos humanos, la educaci\u00f3n, las convicciones, la identidad y las decisiones personales. M\u00e1s de tres d\u00e9cadas despu\u00e9s de su estreno, la pel\u00edcula conserva una vigencia que permite volver sobre sus temas desde una mirada contempor\u00e1nea.<br>Recuperar la experiencia de ver cine en comunidad<br>Uno de los ejes de \u2018Jueves de cine\u2019 ser\u00e1 recuperar la dimensi\u00f3n colectiva de la experiencia cinematogr\u00e1fica. En un contexto en el que buena parte del contenido audiovisual se consume de manera individual a trav\u00e9s de tel\u00e9fonos, computadoras y plataformas de streaming, el ciclo propone volver a compartir una historia frente a una pantalla grande.<br>La programaci\u00f3n buscar\u00e1 recorrer distintos g\u00e9neros, \u00e9pocas y corrientes cinematogr\u00e1ficas. Habr\u00e1 lugar para cine argentino, latinoamericano, cl\u00e1sicos, de autor, documentales y producciones que permitan conocer otras miradas culturales.<br>La organizaci\u00f3n tambi\u00e9n prev\u00e9 incorporar progresivamente trabajos de realizadores de San Luis, con la posibilidad de proyectar cortometrajes y otras producciones audiovisuales de artistas de la provincia.<\/p>\n","protected":false},"excerpt":{"rendered":"<p>Vecinos del Interior Puntano \/ 02 DE SETIEMBRECon entrada libre y gratuita, en la sala \u2018Clara Chut\u00fan\u2019 la primera funci\u00f3n ser\u00e1 a las 19:00 y proyectar\u00e1 \u2018Un lugar en el mundo\u2019, de Adolfo Aristarain.San Francisco del Monte de Oro volver\u00e1 a encontrarse con el s\u00e9ptimo arte. Este jueves, el Centro Cultural pondr\u00e1 en marcha \u2018Jueves [&hellip;]<\/p>\n","protected":false},"author":1,"featured_media":7934,"comment_status":"open","ping_status":"open","sticky":false,"template":"","format":"standard","meta":{"footnotes":""},"categories":[8,9],"tags":[],"class_list":["post-7933","post","type-post","status-publish","format-standard","has-post-thumbnail","hentry","category-ayacucho","category-san-francisco"],"_links":{"self":[{"href":"https:\/\/vecinosdelinterior.com\/index.php\/wp-json\/wp\/v2\/posts\/7933","targetHints":{"allow":["GET"]}}],"collection":[{"href":"https:\/\/vecinosdelinterior.com\/index.php\/wp-json\/wp\/v2\/posts"}],"about":[{"href":"https:\/\/vecinosdelinterior.com\/index.php\/wp-json\/wp\/v2\/types\/post"}],"author":[{"embeddable":true,"href":"https:\/\/vecinosdelinterior.com\/index.php\/wp-json\/wp\/v2\/users\/1"}],"replies":[{"embeddable":true,"href":"https:\/\/vecinosdelinterior.com\/index.php\/wp-json\/wp\/v2\/comments?post=7933"}],"version-history":[{"count":1,"href":"https:\/\/vecinosdelinterior.com\/index.php\/wp-json\/wp\/v2\/posts\/7933\/revisions"}],"predecessor-version":[{"id":7935,"href":"https:\/\/vecinosdelinterior.com\/index.php\/wp-json\/wp\/v2\/posts\/7933\/revisions\/7935"}],"wp:featuredmedia":[{"embeddable":true,"href":"https:\/\/vecinosdelinterior.com\/index.php\/wp-json\/wp\/v2\/media\/7934"}],"wp:attachment":[{"href":"https:\/\/vecinosdelinterior.com\/index.php\/wp-json\/wp\/v2\/media?parent=7933"}],"wp:term":[{"taxonomy":"category","embeddable":true,"href":"https:\/\/vecinosdelinterior.com\/index.php\/wp-json\/wp\/v2\/categories?post=7933"},{"taxonomy":"post_tag","embeddable":true,"href":"https:\/\/vecinosdelinterior.com\/index.php\/wp-json\/wp\/v2\/tags?post=7933"}],"curies":[{"name":"wp","href":"https:\/\/api.w.org\/{rel}","templated":true}]}}