{"id":7936,"date":"2026-09-03T12:16:56","date_gmt":"2026-09-03T15:16:56","guid":{"rendered":"https:\/\/vecinosdelinterior.com\/?p=7936"},"modified":"2026-09-03T12:16:57","modified_gmt":"2026-09-03T15:16:57","slug":"el-sabado-5-se-realizara-la-procesion-y-la-santa-misa-en-el-santuario-de-la-virgen-de-la-cobrera","status":"publish","type":"post","link":"https:\/\/vecinosdelinterior.com\/index.php\/2026\/09\/03\/el-sabado-5-se-realizara-la-procesion-y-la-santa-misa-en-el-santuario-de-la-virgen-de-la-cobrera\/","title":{"rendered":"El s\u00e1bado 5 se realizar\u00e1 la procesi\u00f3n y la Santa Misa en el santuario de la Virgen de la Cobrera"},"content":{"rendered":"\n<p>Vecinos del Interior Puntano<br>El 3 de septiembre se cumplen 32 a\u00f1os de las primeras manifestaciones, en sue\u00f1os de un creyente, de la Virgen de la Cobrera, una figura religiosa que es visitada, a\u00f1o a a\u00f1o, por cientos de fieles. La Comisi\u00f3n Directiva de la Asociaci\u00f3n Civil Virgen Mar\u00eda de La Cobrera invita a la comunidad a participar el s\u00e1bado 5 de la procesi\u00f3n y rezo del Rosario y la posterior celebraci\u00f3n de la Santa Misa, a las 16:00.<br>En medio de las sierras de San Luis, all\u00ed donde el paisaje se vuelve silencio y el silencio parece tener su propia voz, la Virgen Mar\u00eda de la Cobrera espera a quienes llegan con una promesa, una plegaria, un agradecimiento o simplemente con el deseo de encontrar un instante de paz.<br>El viaje comienza mucho antes de llegar en la decisi\u00f3n de ponerse en camino, en la familia que prepara sus cosas, en quien lleva una flor entre las manos, en la persona que guarda una fotograf\u00eda, en el peregrino que recorre kil\u00f3metros para cumplir una promesa. Las sierras sanluise\u00f1as acompa\u00f1an el recorrido como si fueran antiguas guardianas de una historia que naci\u00f3 hace poco m\u00e1s de tres d\u00e9cadas, pero que ya forma parte de la memoria espiritual de numerosas familias. La Cobrera es, en ese sentido, un destino diferente, no se visita solamente. Se vive, es un sue\u00f1o que se transform\u00f3 en devoci\u00f3n.<\/p>\n\n\n\n<figure class=\"wp-block-image size-large\"><img fetchpriority=\"high\" decoding=\"async\" width=\"1024\" height=\"768\" src=\"https:\/\/vecinosdelinterior.com\/wp-content\/uploads\/2026\/09\/LA-COBRERA-8-1-1536x1152-1-1024x768.jpg\" alt=\"\" class=\"wp-image-7937\" srcset=\"https:\/\/vecinosdelinterior.com\/wp-content\/uploads\/2026\/09\/LA-COBRERA-8-1-1536x1152-1-1024x768.jpg 1024w, https:\/\/vecinosdelinterior.com\/wp-content\/uploads\/2026\/09\/LA-COBRERA-8-1-1536x1152-1-300x225.jpg 300w, https:\/\/vecinosdelinterior.com\/wp-content\/uploads\/2026\/09\/LA-COBRERA-8-1-1536x1152-1-768x576.jpg 768w, https:\/\/vecinosdelinterior.com\/wp-content\/uploads\/2026\/09\/LA-COBRERA-8-1-1536x1152-1-750x563.jpg 750w, https:\/\/vecinosdelinterior.com\/wp-content\/uploads\/2026\/09\/LA-COBRERA-8-1-1536x1152-1-1140x855.jpg 1140w, https:\/\/vecinosdelinterior.com\/wp-content\/uploads\/2026\/09\/LA-COBRERA-8-1-1536x1152-1.jpg 1536w\" sizes=\"(max-width: 1024px) 100vw, 1024px\" \/><\/figure>\n\n\n\n<p><br>La historia comenz\u00f3 el 3 de septiembre de 1994: Miguel \u00c1ngel Escudero tuvo una serie de sue\u00f1os en los que, seg\u00fan su relato, se le apareci\u00f3 la Virgen Mar\u00eda. El mensaje inclu\u00eda un pedido de silencio por lo que durante aproximadamente 15 a\u00f1os aquellas experiencias permanecieron dentro del \u00e1mbito m\u00e1s \u00edntimo de su vida. Entonces nadie pod\u00eda imaginar que aquel secreto terminar\u00eda convirti\u00e9ndose en una historia compartida por miles de personas.<br>La devoci\u00f3n comenz\u00f3 a crecer alrededor de la familia Escudero, acompa\u00f1ada por experiencias que sus protagonistas interpretaron como milagrosas. Entre ellas, la recuperaci\u00f3n de la esposa de Miguel \u00c1ngel, quien hab\u00eda permanecido ocho meses postrada debido a una grave enfermedad y posteriormente volvi\u00f3 a caminar. La mujer tambi\u00e9n hab\u00eda tenido sus propias visiones. Desde ese momento, la historia tom\u00f3 otro rumbo. Seg\u00fan el relato familiar, la Virgen indic\u00f3 que, como agradecimiento, deb\u00eda realizarse una imagen de aproximadamente 1,30 metros y as\u00ed comenz\u00f3 entonces otro camino, el de encontrar el lugar.<\/p>\n\n\n\n<figure class=\"wp-block-image size-large\"><img decoding=\"async\" width=\"1024\" height=\"768\" src=\"https:\/\/vecinosdelinterior.com\/wp-content\/uploads\/2026\/09\/LA-COBRERA-7-1-1536x1152-1-1024x768.jpg\" alt=\"\" class=\"wp-image-7938\" srcset=\"https:\/\/vecinosdelinterior.com\/wp-content\/uploads\/2026\/09\/LA-COBRERA-7-1-1536x1152-1-1024x768.jpg 1024w, https:\/\/vecinosdelinterior.com\/wp-content\/uploads\/2026\/09\/LA-COBRERA-7-1-1536x1152-1-300x225.jpg 300w, https:\/\/vecinosdelinterior.com\/wp-content\/uploads\/2026\/09\/LA-COBRERA-7-1-1536x1152-1-768x576.jpg 768w, https:\/\/vecinosdelinterior.com\/wp-content\/uploads\/2026\/09\/LA-COBRERA-7-1-1536x1152-1-750x563.jpg 750w, https:\/\/vecinosdelinterior.com\/wp-content\/uploads\/2026\/09\/LA-COBRERA-7-1-1536x1152-1-1140x855.jpg 1140w, https:\/\/vecinosdelinterior.com\/wp-content\/uploads\/2026\/09\/LA-COBRERA-7-1-1536x1152-1.jpg 1536w\" sizes=\"(max-width: 1024px) 100vw, 1024px\" \/><\/figure>\n\n\n\n<p><br><strong>El destino estaba en el camino<br><\/strong>Hay algo profundamente sanluise\u00f1o en esta parte de la historia porque el lugar donde hoy se encuentra la imagen parece haber aparecido mientras se hac\u00eda camino, durante un viaje hacia el r\u00edo de Ca\u00f1ada Honda, cerca de Paso del Rey, Miguel \u00c1ngel y su esposa encontraron a una mujer que caminaba junto a sus tres hijos y un perro. La ayudaron, la acercaron aproximadamente dos kil\u00f3metros, hasta el sector donde actualmente se encuentra la imagen.<br>Antes de despedirse, aquella mujer les pidi\u00f3 que regresaran a visitarla. Veinte d\u00edas despu\u00e9s volvieron, despu\u00e9s regresar\u00edan otras tres veces. Fueron cuatro recorridos m\u00e1s por aquella geograf\u00eda hasta que, seg\u00fan el relato de Escudero, apareci\u00f3 una nueva indicaci\u00f3n: llevar la imagen al campo de unos amigos. As\u00ed, casi como ocurre con esas historias que se construyen lentamente, la Cobrera fue encontrando su lugar. No fue solamente un punto en un mapa, fue un destino marcado por la fe.<\/p>\n\n\n\n<p><\/p>\n\n\n\n<p><br><strong>Una Virgen nacida de la tierra<\/strong><br>Su nombre guarda una historia, no se trata de una denominaci\u00f3n elegida al azar. Seg\u00fan el relato de sus devotos, fue la Virgen quien indic\u00f3 que deb\u00eda llamarse Cobrera, nombre con el que se conoce a aquella regi\u00f3n.<br>La imagen fue realizada por el escultor Walter Lucero, utilizando mezclas de resinas capaces de soportar las temperaturas extremas de la geograf\u00eda serrana. Desde entonces, permanece all\u00ed, al aire libre, frente al paisaje, acompa\u00f1ada por el viento, por el sol y por las estaciones y sobre todo, por quienes llegan hasta ella.<br>Peregrinar tambi\u00e9n es viajar<br>Quiz\u00e1s una de las formas m\u00e1s profundas de conocer un territorio sea caminarlo desde aquello que sus habitantes aman. No se trata \u00fanicamente de visitar iglesias, santuarios o lugares de culto: se trata de acercarse a las historias, a las tradiciones y a las manifestaciones espirituales que construyen la identidad de una comunidad.<br>En La Cobrera el visitante descubre una expresi\u00f3n de religiosidad popular nacida en San Luis y observar c\u00f3mo una experiencia personal fue convirti\u00e9ndose, con el paso del tiempo, en una celebraci\u00f3n colectiva. Cada aniversario re\u00fane a familias y peregrinos. Llegan desde distintos lugares de la provincia y tambi\u00e9n desde otros puntos del pa\u00eds.<br>Porque la fe, para quienes la viven, no siempre tiene rostro solemne. Muchas veces se parece a una familia reunida, a una mano que ayuda a caminar, a una persona que agradece, a una promesa cumplida despu\u00e9s de mucho tiempo.<br>Entre la espiritualidad y el paisaje, las sierras no funcionan aqu\u00ed como simple escenario, son parte del viaje. El visitante llega atra\u00eddo por una historia religiosa, pero encuentra tambi\u00e9n una geograf\u00eda que invita a detenerse y contemplar.<\/p>\n","protected":false},"excerpt":{"rendered":"<p>Vecinos del Interior PuntanoEl 3 de septiembre se cumplen 32 a\u00f1os de las primeras manifestaciones, en sue\u00f1os de un creyente, de la Virgen de la Cobrera, una figura religiosa que es visitada, a\u00f1o a a\u00f1o, por cientos de fieles. La Comisi\u00f3n Directiva de la Asociaci\u00f3n Civil Virgen Mar\u00eda de La Cobrera invita a la comunidad [&hellip;]<\/p>\n","protected":false},"author":1,"featured_media":7937,"comment_status":"open","ping_status":"open","sticky":false,"template":"","format":"standard","meta":{"footnotes":""},"categories":[191,2],"tags":[],"class_list":["post-7936","post","type-post","status-publish","format-standard","has-post-thumbnail","hentry","category-la-cobrera","category-pringles"],"_links":{"self":[{"href":"https:\/\/vecinosdelinterior.com\/index.php\/wp-json\/wp\/v2\/posts\/7936","targetHints":{"allow":["GET"]}}],"collection":[{"href":"https:\/\/vecinosdelinterior.com\/index.php\/wp-json\/wp\/v2\/posts"}],"about":[{"href":"https:\/\/vecinosdelinterior.com\/index.php\/wp-json\/wp\/v2\/types\/post"}],"author":[{"embeddable":true,"href":"https:\/\/vecinosdelinterior.com\/index.php\/wp-json\/wp\/v2\/users\/1"}],"replies":[{"embeddable":true,"href":"https:\/\/vecinosdelinterior.com\/index.php\/wp-json\/wp\/v2\/comments?post=7936"}],"version-history":[{"count":1,"href":"https:\/\/vecinosdelinterior.com\/index.php\/wp-json\/wp\/v2\/posts\/7936\/revisions"}],"predecessor-version":[{"id":7939,"href":"https:\/\/vecinosdelinterior.com\/index.php\/wp-json\/wp\/v2\/posts\/7936\/revisions\/7939"}],"wp:featuredmedia":[{"embeddable":true,"href":"https:\/\/vecinosdelinterior.com\/index.php\/wp-json\/wp\/v2\/media\/7937"}],"wp:attachment":[{"href":"https:\/\/vecinosdelinterior.com\/index.php\/wp-json\/wp\/v2\/media?parent=7936"}],"wp:term":[{"taxonomy":"category","embeddable":true,"href":"https:\/\/vecinosdelinterior.com\/index.php\/wp-json\/wp\/v2\/categories?post=7936"},{"taxonomy":"post_tag","embeddable":true,"href":"https:\/\/vecinosdelinterior.com\/index.php\/wp-json\/wp\/v2\/tags?post=7936"}],"curies":[{"name":"wp","href":"https:\/\/api.w.org\/{rel}","templated":true}]}}