{"id":7943,"date":"2026-09-03T11:51:00","date_gmt":"2026-09-03T14:51:00","guid":{"rendered":"https:\/\/vecinosdelinterior.com\/?p=7943"},"modified":"2026-09-03T12:51:55","modified_gmt":"2026-09-03T15:51:55","slug":"buena-esperanza-realizara-el-festejo-del-dia-del-nino-este-4-de-setiembre","status":"publish","type":"post","link":"https:\/\/vecinosdelinterior.com\/index.php\/2026\/09\/03\/buena-esperanza-realizara-el-festejo-del-dia-del-nino-este-4-de-setiembre\/","title":{"rendered":"Buena Esperanza realizar\u00e1 el festejo del D\u00eda del Ni\u00f1o este 4 de setiembre"},"content":{"rendered":"\n<p>Vecinos del Interior Puntano \/ 03 de setiembre<br>.<br>El festejo del D\u00eda del Ni\u00f1o se realizar\u00e1 el viernes 4 de septiembre a las 14:30 hs., en el barrio Viviendas Productivas.<br>Por cuestiones clim\u00e1ticas, para que nadie se enferme y podamos disfrutar de una hermosa tarde juntos, se cambi\u00f3 la fecha del festejo oportunamente.<\/p>\n\n\n\n<figure class=\"wp-block-image size-full\"><a href=\"https:\/\/www.facebook.com\/reel\/2511335592700881\"><img fetchpriority=\"high\" decoding=\"async\" width=\"323\" height=\"503\" src=\"https:\/\/vecinosdelinterior.com\/wp-content\/uploads\/2026\/09\/3-9-2026-12-50-35.png\" alt=\"\" class=\"wp-image-7944\" srcset=\"https:\/\/vecinosdelinterior.com\/wp-content\/uploads\/2026\/09\/3-9-2026-12-50-35.png 323w, https:\/\/vecinosdelinterior.com\/wp-content\/uploads\/2026\/09\/3-9-2026-12-50-35-193x300.png 193w\" sizes=\"(max-width: 323px) 100vw, 323px\" \/><\/a><\/figure>\n\n\n\n<p>Mira el video<\/p>\n","protected":false},"excerpt":{"rendered":"<p>Vecinos del Interior Puntano \/ 03 de setiembre.El festejo del D\u00eda del Ni\u00f1o se realizar\u00e1 el viernes 4 de septiembre a las 14:30 hs., en el barrio Viviendas Productivas.Por cuestiones clim\u00e1ticas, para que nadie se enferme y podamos disfrutar de una hermosa tarde juntos, se cambi\u00f3 la fecha del festejo oportunamente. Mira el video<\/p>\n","protected":false},"author":1,"featured_media":7944,"comment_status":"open","ping_status":"open","sticky":false,"template":"","format":"standard","meta":{"footnotes":""},"categories":[18,16],"tags":[177],"class_list":["post-7943","post","type-post","status-publish","format-standard","has-post-thumbnail","hentry","category-buena-esperanza-dupuy","category-dupuy","tag-gestiones-destacadas"],"_links":{"self":[{"href":"https:\/\/vecinosdelinterior.com\/index.php\/wp-json\/wp\/v2\/posts\/7943","targetHints":{"allow":["GET"]}}],"collection":[{"href":"https:\/\/vecinosdelinterior.com\/index.php\/wp-json\/wp\/v2\/posts"}],"about":[{"href":"https:\/\/vecinosdelinterior.com\/index.php\/wp-json\/wp\/v2\/types\/post"}],"author":[{"embeddable":true,"href":"https:\/\/vecinosdelinterior.com\/index.php\/wp-json\/wp\/v2\/users\/1"}],"replies":[{"embeddable":true,"href":"https:\/\/vecinosdelinterior.com\/index.php\/wp-json\/wp\/v2\/comments?post=7943"}],"version-history":[{"count":1,"href":"https:\/\/vecinosdelinterior.com\/index.php\/wp-json\/wp\/v2\/posts\/7943\/revisions"}],"predecessor-version":[{"id":7945,"href":"https:\/\/vecinosdelinterior.com\/index.php\/wp-json\/wp\/v2\/posts\/7943\/revisions\/7945"}],"wp:featuredmedia":[{"embeddable":true,"href":"https:\/\/vecinosdelinterior.com\/index.php\/wp-json\/wp\/v2\/media\/7944"}],"wp:attachment":[{"href":"https:\/\/vecinosdelinterior.com\/index.php\/wp-json\/wp\/v2\/media?parent=7943"}],"wp:term":[{"taxonomy":"category","embeddable":true,"href":"https:\/\/vecinosdelinterior.com\/index.php\/wp-json\/wp\/v2\/categories?post=7943"},{"taxonomy":"post_tag","embeddable":true,"href":"https:\/\/vecinosdelinterior.com\/index.php\/wp-json\/wp\/v2\/tags?post=7943"}],"curies":[{"name":"wp","href":"https:\/\/api.w.org\/{rel}","templated":true}]}}