{"id":7955,"date":"2026-09-03T19:31:53","date_gmt":"2026-09-03T22:31:53","guid":{"rendered":"https:\/\/vecinosdelinterior.com\/?p=7955"},"modified":"2026-09-03T19:31:53","modified_gmt":"2026-09-03T22:31:53","slug":"mas-de-100-vecinos-de-villa-del-carmen-respaldaron-al-enfermero-roberto-menassi-y-reclamaron-respuestas-al-ministerio-de-salud","status":"publish","type":"post","link":"https:\/\/vecinosdelinterior.com\/index.php\/2026\/09\/03\/mas-de-100-vecinos-de-villa-del-carmen-respaldaron-al-enfermero-roberto-menassi-y-reclamaron-respuestas-al-ministerio-de-salud\/","title":{"rendered":"M\u00e1s de 100 vecinos de Villa del Carmen respaldaron al enfermero Roberto Menassi y reclamaron respuestas al Ministerio de Salud"},"content":{"rendered":"\n<p>Vecinos del Interior Puntano \/ 03 de setiembre<br>M\u00e1s de 100 vecinos de Villa del Carmen se movilizaron para respaldar a Roberto Menassi, enfermero y exdirector del Centro de Atenci\u00f3n Primaria de la Salud (CAPS), quien renunci\u00f3 en medio de un conflicto laboral que, seg\u00fan denuncian desde la comunidad, estuvo acompa\u00f1ado por situaciones de hostigamiento. Los vecinos reclamaron una intervenci\u00f3n del Ministerio de Salud de San Luis y pidieron que Menassi pueda continuar asistiendo a los habitantes de la localidad.<br>Carolina Delgado, esposa del enfermero, destac\u00f3 que Menassi tiene m\u00e1s de 20 a\u00f1os de trayectoria y seis a\u00f1os de trabajo en Villa del Carmen. Asegur\u00f3 que durante un a\u00f1o el CAPS permaneci\u00f3 sin m\u00e9dico y que \u00e9l sostuvo la atenci\u00f3n de la sala, incluyendo situaciones de urgencia y primeros auxilios. \u201cNo pod\u00e9s matar a una persona que es impecable en su trabajo. En vez de cuidar al profesional, se encargaron de perseguirlo\u201d, cuestion\u00f3.<\/p>\n\n\n\n<figure class=\"wp-block-image size-large\"><img fetchpriority=\"high\" decoding=\"async\" width=\"1024\" height=\"535\" src=\"https:\/\/vecinosdelinterior.com\/wp-content\/uploads\/2026\/09\/vdelcarmen-1024x535.jpg\" alt=\"\" class=\"wp-image-7956\" srcset=\"https:\/\/vecinosdelinterior.com\/wp-content\/uploads\/2026\/09\/vdelcarmen-1024x535.jpg 1024w, https:\/\/vecinosdelinterior.com\/wp-content\/uploads\/2026\/09\/vdelcarmen-300x157.jpg 300w, https:\/\/vecinosdelinterior.com\/wp-content\/uploads\/2026\/09\/vdelcarmen-768x401.jpg 768w, https:\/\/vecinosdelinterior.com\/wp-content\/uploads\/2026\/09\/vdelcarmen-750x392.jpg 750w, https:\/\/vecinosdelinterior.com\/wp-content\/uploads\/2026\/09\/vdelcarmen-1140x596.jpg 1140w, https:\/\/vecinosdelinterior.com\/wp-content\/uploads\/2026\/09\/vdelcarmen.jpg 1280w\" sizes=\"(max-width: 1024px) 100vw, 1024px\" \/><\/figure>\n\n\n\n<p><br>Durante la movilizaci\u00f3n, la vecina Ivana Rodr\u00edguez tambi\u00e9n relat\u00f3 las dificultades para acceder a atenci\u00f3n m\u00e9dica. Cont\u00f3 que la semana pasada su hija tuvo casi 40 grados de fiebre y debi\u00f3 trasladarla hasta Naschel porque en Villa del Carmen no pod\u00edan medicarla. Seg\u00fan explic\u00f3, tuvo que conseguir un veh\u00edculo y pagar $40.000 para realizar el traslado. \u201cLa m\u00e9dica no estaba jueves y viernes. Entonces tuve que llevarla all\u00e1\u201d, se\u00f1al\u00f3.<br>Ante esta situaci\u00f3n, los vecinos elaboraron una petici\u00f3n comunitaria dirigida al Ministerio de Salud de San Luis, con firmas de habitantes de Villa del Carmen. El documento solicita una intervenci\u00f3n urgente para auditar y mediar en el conflicto, el cese de cualquier eventual acto de persecuci\u00f3n laboral contra Menassi y su reincorporaci\u00f3n y ratificaci\u00f3n en sus funciones habituales. Tambi\u00e9n reclaman una evaluaci\u00f3n del funcionamiento del CAPS y del trato recibido por los pacientes.<br>La comunidad espera una respuesta de las autoridades y plantea la necesidad de garantizar la atenci\u00f3n sanitaria en la localidad, ubicada a unos 30 kil\u00f3metros de Naschel. \u201cNecesitamos a alguien que venga al pueblo y regularice la sala\u201d, sostuvo Delgado, quien adem\u00e1s remarc\u00f3 que los vecinos pidieron que, mientras se resuelve el conflicto, se permita a Menassi colaborar ante eventuales casos de urgencia.<\/p>\n","protected":false},"excerpt":{"rendered":"<p>Vecinos del Interior Puntano \/ 03 de setiembreM\u00e1s de 100 vecinos de Villa del Carmen se movilizaron para respaldar a Roberto Menassi, enfermero y exdirector del Centro de Atenci\u00f3n Primaria de la Salud (CAPS), quien renunci\u00f3 en medio de un conflicto laboral que, seg\u00fan denuncian desde la comunidad, estuvo acompa\u00f1ado por situaciones de hostigamiento. Los [&hellip;]<\/p>\n","protected":false},"author":1,"featured_media":7956,"comment_status":"open","ping_status":"open","sticky":false,"template":"","format":"standard","meta":{"footnotes":""},"categories":[29,31],"tags":[],"class_list":["post-7955","post","type-post","status-publish","format-standard","has-post-thumbnail","hentry","category-chacabuco","category-villa-del-carmen"],"_links":{"self":[{"href":"https:\/\/vecinosdelinterior.com\/index.php\/wp-json\/wp\/v2\/posts\/7955","targetHints":{"allow":["GET"]}}],"collection":[{"href":"https:\/\/vecinosdelinterior.com\/index.php\/wp-json\/wp\/v2\/posts"}],"about":[{"href":"https:\/\/vecinosdelinterior.com\/index.php\/wp-json\/wp\/v2\/types\/post"}],"author":[{"embeddable":true,"href":"https:\/\/vecinosdelinterior.com\/index.php\/wp-json\/wp\/v2\/users\/1"}],"replies":[{"embeddable":true,"href":"https:\/\/vecinosdelinterior.com\/index.php\/wp-json\/wp\/v2\/comments?post=7955"}],"version-history":[{"count":1,"href":"https:\/\/vecinosdelinterior.com\/index.php\/wp-json\/wp\/v2\/posts\/7955\/revisions"}],"predecessor-version":[{"id":7957,"href":"https:\/\/vecinosdelinterior.com\/index.php\/wp-json\/wp\/v2\/posts\/7955\/revisions\/7957"}],"wp:featuredmedia":[{"embeddable":true,"href":"https:\/\/vecinosdelinterior.com\/index.php\/wp-json\/wp\/v2\/media\/7956"}],"wp:attachment":[{"href":"https:\/\/vecinosdelinterior.com\/index.php\/wp-json\/wp\/v2\/media?parent=7955"}],"wp:term":[{"taxonomy":"category","embeddable":true,"href":"https:\/\/vecinosdelinterior.com\/index.php\/wp-json\/wp\/v2\/categories?post=7955"},{"taxonomy":"post_tag","embeddable":true,"href":"https:\/\/vecinosdelinterior.com\/index.php\/wp-json\/wp\/v2\/tags?post=7955"}],"curies":[{"name":"wp","href":"https:\/\/api.w.org\/{rel}","templated":true}]}}