{"id":7958,"date":"2026-09-03T21:00:11","date_gmt":"2026-09-04T00:00:11","guid":{"rendered":"https:\/\/vecinosdelinterior.com\/?p=7958"},"modified":"2026-09-03T21:00:12","modified_gmt":"2026-09-04T00:00:12","slug":"un-proyecto-del-senador-olguin-impulsa-que-4-gobiernos-locales-pasen-a-constituirse-como-municipios-se-trata-de-cortaderas-villa-larca-los-molles-y-nueva-galia","status":"publish","type":"post","link":"https:\/\/vecinosdelinterior.com\/index.php\/2026\/09\/03\/un-proyecto-del-senador-olguin-impulsa-que-4-gobiernos-locales-pasen-a-constituirse-como-municipios-se-trata-de-cortaderas-villa-larca-los-molles-y-nueva-galia\/","title":{"rendered":"Un proyecto del senador Olguin impulsa que 4 gobiernos locales pasen a constituirse como municipios. Se trata de Cortaderas, Villa Larca, Los Molles y Nueva Galia"},"content":{"rendered":"\n<p><\/p>\n\n\n\n<p>El senador provincial Hugo Omar Olgu\u00edn present\u00f3 un proyecto de ley para que Cortaderas, Villa Larca, Los Molles y Nueva Galia dejen el r\u00e9gimen de Intendente Comisionado y pasen a constituirse como Municipalidades con Concejo Deliberante, conforme a la poblaci\u00f3n registrada por el Censo Nacional 2022. La iniciativa ingresa en v\u00edsperas del tratamiento de la reforma constitucional en la C\u00e1mara de Diputados.<\/p>\n\n\n\n<p><br>En momentos en que la Legislatura provincial se prepara para continuar el debate sobre la necesidad de reformar la Constituci\u00f3n de San Luis, el senador provincial Hugo Omar Olgu\u00edn present\u00f3 este martes un proyecto que pone el foco sobre una cuesti\u00f3n pendiente: el cumplimiento efectivo de disposiciones que ya se encuentran establecidas en la Constituci\u00f3n vigente.<\/p>\n\n\n\n<figure class=\"wp-block-image size-full is-resized\"><img fetchpriority=\"high\" decoding=\"async\" width=\"664\" height=\"426\" src=\"https:\/\/vecinosdelinterior.com\/wp-content\/uploads\/2025\/09\/pepe-olguin.png\" alt=\"\" class=\"wp-image-5405\" style=\"width:1170px;height:auto\" srcset=\"https:\/\/vecinosdelinterior.com\/wp-content\/uploads\/2025\/09\/pepe-olguin.png 664w, https:\/\/vecinosdelinterior.com\/wp-content\/uploads\/2025\/09\/pepe-olguin-300x192.png 300w\" sizes=\"(max-width: 664px) 100vw, 664px\" \/><figcaption class=\"wp-element-caption\">Senador del PJ Hugo Olgu\u00edn<\/figcaption><\/figure>\n\n\n\n<p><br>La iniciativa propone la readecuaci\u00f3n institucional de Cortaderas, Villa Larca, Los Molles y Nueva Galia, cuatro localidades que, de acuerdo con los resultados definitivos del Censo Nacional 2022, superan los 1.500 habitantes y, por lo tanto, re\u00fanen las condiciones establecidas constitucionalmente para funcionar como Municipalidades con Concejo Deliberante.<\/p>\n\n\n\n<p><br>La Constituci\u00f3n Provincial establece que toda poblaci\u00f3n permanente que supere los 1.500 habitantes debe contar con una Municipalidad. A su vez, la Ley de R\u00e9gimen Municipal dispone expresamente que, despu\u00e9s de cada censo, el Poder Ejecutivo debe determinar los lugares en los que corresponda modificar la categor\u00eda del gobierno municipal.<\/p>\n\n\n\n<p><br>Seg\u00fan los datos incorporados al proyecto, Cortaderas cuenta con 3.188 habitantes; Villa Larca, con 2.217; Los Molles, con 1.506; y Nueva Galia, con 1.727. Sin embargo, contin\u00faan actualmente bajo el r\u00e9gimen de Intendente Comisionado.<\/p>\n\n\n\n<figure class=\"wp-block-gallery has-nested-images columns-default is-cropped wp-block-gallery-1 is-layout-flex wp-block-gallery-is-layout-flex\">\n<figure class=\"wp-block-image size-large\"><img decoding=\"async\" width=\"447\" height=\"447\" data-id=\"7959\" src=\"https:\/\/vecinosdelinterior.com\/wp-content\/uploads\/2026\/09\/images-28.jpg\" alt=\"\" class=\"wp-image-7959\" srcset=\"https:\/\/vecinosdelinterior.com\/wp-content\/uploads\/2026\/09\/images-28.jpg 447w, https:\/\/vecinosdelinterior.com\/wp-content\/uploads\/2026\/09\/images-28-300x300.jpg 300w, https:\/\/vecinosdelinterior.com\/wp-content\/uploads\/2026\/09\/images-28-150x150.jpg 150w, https:\/\/vecinosdelinterior.com\/wp-content\/uploads\/2026\/09\/images-28-75x75.jpg 75w\" sizes=\"(max-width: 447px) 100vw, 447px\" \/><\/figure>\n\n\n\n<figure class=\"wp-block-image size-large\"><img decoding=\"async\" width=\"720\" height=\"392\" data-id=\"7960\" src=\"https:\/\/vecinosdelinterior.com\/wp-content\/uploads\/2026\/09\/VILLA-LARCA3.jpg\" alt=\"\" class=\"wp-image-7960\" srcset=\"https:\/\/vecinosdelinterior.com\/wp-content\/uploads\/2026\/09\/VILLA-LARCA3.jpg 720w, https:\/\/vecinosdelinterior.com\/wp-content\/uploads\/2026\/09\/VILLA-LARCA3-300x163.jpg 300w\" sizes=\"(max-width: 720px) 100vw, 720px\" \/><\/figure>\n\n\n\n<figure class=\"wp-block-image size-large\"><img loading=\"lazy\" decoding=\"async\" width=\"532\" height=\"354\" data-id=\"7962\" src=\"https:\/\/vecinosdelinterior.com\/wp-content\/uploads\/2026\/09\/2fd7fb_5cdad17a3c57494d8844baada77c5b1emv2.avif\" alt=\"\" class=\"wp-image-7962\" srcset=\"https:\/\/vecinosdelinterior.com\/wp-content\/uploads\/2026\/09\/2fd7fb_5cdad17a3c57494d8844baada77c5b1emv2.avif 532w, https:\/\/vecinosdelinterior.com\/wp-content\/uploads\/2026\/09\/2fd7fb_5cdad17a3c57494d8844baada77c5b1emv2-300x200.avif 300w\" sizes=\"(max-width: 532px) 100vw, 532px\" \/><\/figure>\n\n\n\n<figure class=\"wp-block-image size-large\"><img loading=\"lazy\" decoding=\"async\" width=\"527\" height=\"291\" data-id=\"7961\" src=\"https:\/\/vecinosdelinterior.com\/wp-content\/uploads\/2026\/09\/NUEVA-GALIA-13-e1747070165570.jpeg\" alt=\"\" class=\"wp-image-7961\" srcset=\"https:\/\/vecinosdelinterior.com\/wp-content\/uploads\/2026\/09\/NUEVA-GALIA-13-e1747070165570.jpeg 527w, https:\/\/vecinosdelinterior.com\/wp-content\/uploads\/2026\/09\/NUEVA-GALIA-13-e1747070165570-300x166.jpeg 300w\" sizes=\"(max-width: 527px) 100vw, 527px\" \/><\/figure>\n<\/figure>\n\n\n\n<p><br><strong>Una discusi\u00f3n que cobra relevancia ante la reforma constitucional<br><\/strong>La presentaci\u00f3n adquiere una significaci\u00f3n particular porque se produce un d\u00eda antes de que la C\u00e1mara de Diputados avance con el tratamiento de la declaraci\u00f3n de necesidad de la reforma constitucional.<\/p>\n\n\n\n<p><br>El proyecto introduce as\u00ed un interrogante previo al debate sobre qu\u00e9 aspectos de la Constituci\u00f3n deber\u00edan modificarse: qu\u00e9 ocurre con aquellas disposiciones de la Constituci\u00f3n vigente que todav\u00eda no han sido cumplidas.<\/p>\n\n\n\n<p><br>En este caso, no se plantea incorporar un nuevo derecho ni modificar el r\u00e9gimen municipal existente. Se trata de aplicar las reglas actualmente vigentes y adecuar la organizaci\u00f3n institucional de cuatro comunidades a una realidad demogr\u00e1fica que ya fue constatada por el Censo 2022.<br>\u201cAntes de discutir qu\u00e9 Constituci\u00f3n queremos hacia adelante, tambi\u00e9n debemos preguntarnos si estamos cumpliendo plenamente la Constituci\u00f3n que tenemos\u201d, se\u00f1al\u00f3 Olgu\u00edn al fundamentar el sentido pol\u00edtico e institucional de la iniciativa.<\/p>\n\n\n\n<p><br>El senador sostuvo que la autonom\u00eda municipal y la representaci\u00f3n pol\u00edtica de las comunidades no pueden quedar relegadas mientras se impulsa una reforma de la Carta Magna provincial.<\/p>\n\n\n\n<p><br>El proyecto propone que en la pr\u00f3xima convocatoria a elecciones municipales las cuatro localidades elijan intendente y Concejo Deliberante. Cortaderas tendr\u00eda cinco concejales titulares, mientras que Villa Larca, Los Molles y Nueva Galia contar\u00edan con cuatro cada una, conforme a las escalas poblacionales previstas por la Constituci\u00f3n Provincial y la Ley de R\u00e9gimen Municipal.<br>La propuesta tambi\u00e9n recuerda que San Luis ya atraves\u00f3 <\/p>\n\n\n\n<p>anteriormente un proceso de estas caracter\u00edsticas. En 2017, la Legislatura dispuso la readecuaci\u00f3n institucional de El Trapiche, Carpinter\u00eda, El Volc\u00e1n y Potrero de los Funes mediante un mecanismo equivalente.<\/p>\n\n\n\n<p><br>Para Olgu\u00edn, la discusi\u00f3n sobre una eventual reforma constitucional debe servir tambi\u00e9n para revisar aquellas deudas institucionales que la Provincia mantiene con sus comunidades.<\/p>\n\n\n\n<p><br>\u201cReformar puede ser una discusi\u00f3n. Cumplir la Constituci\u00f3n vigente no deber\u00eda serlo.\u201d<\/p>\n","protected":false},"excerpt":{"rendered":"<p>El senador provincial Hugo Omar Olgu\u00edn present\u00f3 un proyecto de ley para que Cortaderas, Villa Larca, Los Molles y Nueva Galia dejen el r\u00e9gimen de Intendente Comisionado y pasen a constituirse como Municipalidades con Concejo Deliberante, conforme a la poblaci\u00f3n registrada por el Censo Nacional 2022. La iniciativa ingresa en v\u00edsperas del tratamiento de la [&hellip;]<\/p>\n","protected":false},"author":1,"featured_media":7963,"comment_status":"open","ping_status":"open","sticky":false,"template":"","format":"standard","meta":{"footnotes":""},"categories":[29,275,31,89],"tags":[],"class_list":["post-7958","post","type-post","status-publish","format-standard","has-post-thumbnail","hentry","category-chacabuco","category-cortaderas","category-villa-del-carmen","category-villa-larca"],"_links":{"self":[{"href":"https:\/\/vecinosdelinterior.com\/index.php\/wp-json\/wp\/v2\/posts\/7958","targetHints":{"allow":["GET"]}}],"collection":[{"href":"https:\/\/vecinosdelinterior.com\/index.php\/wp-json\/wp\/v2\/posts"}],"about":[{"href":"https:\/\/vecinosdelinterior.com\/index.php\/wp-json\/wp\/v2\/types\/post"}],"author":[{"embeddable":true,"href":"https:\/\/vecinosdelinterior.com\/index.php\/wp-json\/wp\/v2\/users\/1"}],"replies":[{"embeddable":true,"href":"https:\/\/vecinosdelinterior.com\/index.php\/wp-json\/wp\/v2\/comments?post=7958"}],"version-history":[{"count":1,"href":"https:\/\/vecinosdelinterior.com\/index.php\/wp-json\/wp\/v2\/posts\/7958\/revisions"}],"predecessor-version":[{"id":7964,"href":"https:\/\/vecinosdelinterior.com\/index.php\/wp-json\/wp\/v2\/posts\/7958\/revisions\/7964"}],"wp:featuredmedia":[{"embeddable":true,"href":"https:\/\/vecinosdelinterior.com\/index.php\/wp-json\/wp\/v2\/media\/7963"}],"wp:attachment":[{"href":"https:\/\/vecinosdelinterior.com\/index.php\/wp-json\/wp\/v2\/media?parent=7958"}],"wp:term":[{"taxonomy":"category","embeddable":true,"href":"https:\/\/vecinosdelinterior.com\/index.php\/wp-json\/wp\/v2\/categories?post=7958"},{"taxonomy":"post_tag","embeddable":true,"href":"https:\/\/vecinosdelinterior.com\/index.php\/wp-json\/wp\/v2\/tags?post=7958"}],"curies":[{"name":"wp","href":"https:\/\/api.w.org\/{rel}","templated":true}]}}