{"id":800,"date":"2023-09-25T19:52:09","date_gmt":"2023-09-25T22:52:09","guid":{"rendered":"https:\/\/vecinosdelinterior.com\/?p=800"},"modified":"2023-09-25T19:52:09","modified_gmt":"2023-09-25T22:52:09","slug":"presentaran-la-muestra-mis-manos-tus-manos-en-la-casa-cultural-de-quines","status":"publish","type":"post","link":"https:\/\/vecinosdelinterior.com\/index.php\/2023\/09\/25\/presentaran-la-muestra-mis-manos-tus-manos-en-la-casa-cultural-de-quines\/","title":{"rendered":"Presentar\u00e1n la muestra \u201cMis Manos, Tus Manos\u201d en la Casa Cultural de Quines"},"content":{"rendered":"\n<p>Los j\u00f3venes que integran la asociaci\u00f3n civil \u201cCarolina Tobar Garc\u00eda\u201d compartir\u00e1n este lunes, a las 20:00, una muestra art\u00edstica alternativa que promueve un mensaje de integraci\u00f3n. La entrada es libre y gratuita.<\/p>\n\n\n\n<p>La asociaci\u00f3n \u201cCarolina Tobar Garc\u00eda\u201d, radicada en Quines, realiza una importante labor de ayuda y contenci\u00f3n a personas con discapacidad y a sus familias.<\/p>\n\n\n\n<p>Su responsable, Graciela Moll, cont\u00f3: \u201cLa fundaron hace 7 a\u00f1os, el 5 de octubre del 2016. Al poco tiempo, comenz\u00f3 a funcionar nuestro taller. Durante una etapa, el espacio se mantuvo con una cuota social. Luego por la pandemia, la asociaci\u00f3n no funcion\u00f3 como tal y yo dispuse continuar en mi domicilio\u201d.<\/p>\n\n\n\n<p>De los 25 chicos que la integran, alrededor de 17 concurren diariamente y el resto s\u00f3lo asiste los d\u00edas de actividad f\u00edsica, debido a que algunos transitan el per\u00edodo escolar.<\/p>\n\n\n\n<figure class=\"wp-block-image size-full\"><img fetchpriority=\"high\" decoding=\"async\" width=\"740\" height=\"500\" src=\"https:\/\/vecinosdelinterior.com\/wp-content\/uploads\/2023\/09\/MIS-MANOS-TUS-MANOS_-3.jpeg\" alt=\"\" class=\"wp-image-801\" srcset=\"https:\/\/vecinosdelinterior.com\/wp-content\/uploads\/2023\/09\/MIS-MANOS-TUS-MANOS_-3.jpeg 740w, https:\/\/vecinosdelinterior.com\/wp-content\/uploads\/2023\/09\/MIS-MANOS-TUS-MANOS_-3-300x203.jpeg 300w\" sizes=\"(max-width: 740px) 100vw, 740px\" \/><\/figure>\n\n\n\n<p>\u201cTambi\u00e9n contamos con la \u2018Escuela de deporte adaptado\u2019. Tenemos grandes logros a nivel provincial y nacional\u201d, coment\u00f3.<\/p>\n\n\n\n<p>A lo largo del a\u00f1o, en el taller trabajan para potenciar la socializaci\u00f3n, la autoestima y la autonom\u00eda de los chicos. \u201cLos resultados est\u00e1n a la vista\u201d, asegur\u00f3 Moll.<\/p>\n\n\n\n<p>\u201cRealizamos actividades para aplicar la motricidad, la retenci\u00f3n visual, percibir las texturas, los colores y tambi\u00e9n nos enfocamos en lo gustativo en la parte de reposter\u00eda\u201d, indic\u00f3 la coordinadora de la asociaci\u00f3n y adelant\u00f3 que la muestra art\u00edstica de este lunes refleja todo lo aprendido.<\/p>\n\n\n\n<p>Manos solidarias para ayudar al pr\u00f3jimo<\/p>\n\n\n\n<p>Acerca de \u201cMis Manos, Tus Manos\u201d, Graciela detall\u00f3: \u201cTrabajamos objetos reciclados, usamos materiales de nuestro pueblo como la madera, los yuyitos, el mate, las piedras, referencias en porcelana de la luna y el sol. Est\u00e1n los sabores y los colores que ellos eligieron. Pintaron el enhebrado de una perla en un colgante con sus nombres, plantaron una suculenta y pintaron el porta maceta. Conocieron los perfumes. Todo tiene un sentido y fue realizado para sus est\u00edmulos\u201d.<\/p>\n\n\n\n<p>En cuanto al t\u00edtulo de la exposici\u00f3n, Moll explic\u00f3: \u201cSignifica que siempre nuestras manos pueden ayudarlos en sus labores y en cualquier \u00e1mbito de sus vidas\u201d.<\/p>\n\n\n\n<p>Por otra parte, la responsable de la fundaci\u00f3n agradeci\u00f3 por el apoyo que reciben permanentemente: \u201cColaboran las escuelas secundarias con las que hacemos convenios para que los alumnos elaboren un proyecto y vengan a nuestro taller a trabajar con nuestros hijos. Tambi\u00e9n contamos con el aporte de docentes, profesionales de la salud, estudiantes universitarios, las familias y vecinos del pueblo en general que siempre nos compra n\u00fameros cuando hacemos rifas\u201d.<\/p>\n\n\n\n<p>\u201cAsimismo agradecemos el acompa\u00f1amiento de la municipalidad, del \u00e1rea de Deporte Adaptado de la provincia, de la Cooperativa de Agua y del Sindicato de Luz y Fuerza. Lo dem\u00e1s se hace de coraz\u00f3n. Todas las personas que nos ayudan se llevan el mejor regalo, el abrazo sincero de nuestros hijos en forma de agradecimiento\u201d, destac\u00f3 Graciela, quien record\u00f3 que todos los 10 de noviembre realizan una correcaminata en homenaje a Carolina Tobar Garc\u00eda.<\/p>\n\n\n\n<p>\u201cVivo hace 52 a\u00f1os en San Luis y estoy muy agradecida por todo lo que la provincia me ha dado\u201d, expres\u00f3 la mujer que emprendi\u00f3 esta noble tarea.<\/p>\n","protected":false},"excerpt":{"rendered":"<p>Los j\u00f3venes que integran la asociaci\u00f3n civil \u201cCarolina Tobar Garc\u00eda\u201d compartir\u00e1n este lunes, a las 20:00, una muestra art\u00edstica alternativa que promueve un mensaje de integraci\u00f3n. La entrada es libre y gratuita. La asociaci\u00f3n \u201cCarolina Tobar Garc\u00eda\u201d, radicada en Quines, realiza una importante labor de ayuda y contenci\u00f3n a personas con discapacidad y a sus [&hellip;]<\/p>\n","protected":false},"author":1,"featured_media":801,"comment_status":"open","ping_status":"open","sticky":false,"template":"","format":"standard","meta":{"footnotes":""},"categories":[8,54],"tags":[242,101],"class_list":["post-800","post","type-post","status-publish","format-standard","has-post-thumbnail","hentry","category-ayacucho","category-quines-ayacucho","tag-asociacion-civil-carolina-tobar-garcia","tag-quines"],"_links":{"self":[{"href":"https:\/\/vecinosdelinterior.com\/index.php\/wp-json\/wp\/v2\/posts\/800","targetHints":{"allow":["GET"]}}],"collection":[{"href":"https:\/\/vecinosdelinterior.com\/index.php\/wp-json\/wp\/v2\/posts"}],"about":[{"href":"https:\/\/vecinosdelinterior.com\/index.php\/wp-json\/wp\/v2\/types\/post"}],"author":[{"embeddable":true,"href":"https:\/\/vecinosdelinterior.com\/index.php\/wp-json\/wp\/v2\/users\/1"}],"replies":[{"embeddable":true,"href":"https:\/\/vecinosdelinterior.com\/index.php\/wp-json\/wp\/v2\/comments?post=800"}],"version-history":[{"count":1,"href":"https:\/\/vecinosdelinterior.com\/index.php\/wp-json\/wp\/v2\/posts\/800\/revisions"}],"predecessor-version":[{"id":802,"href":"https:\/\/vecinosdelinterior.com\/index.php\/wp-json\/wp\/v2\/posts\/800\/revisions\/802"}],"wp:featuredmedia":[{"embeddable":true,"href":"https:\/\/vecinosdelinterior.com\/index.php\/wp-json\/wp\/v2\/media\/801"}],"wp:attachment":[{"href":"https:\/\/vecinosdelinterior.com\/index.php\/wp-json\/wp\/v2\/media?parent=800"}],"wp:term":[{"taxonomy":"category","embeddable":true,"href":"https:\/\/vecinosdelinterior.com\/index.php\/wp-json\/wp\/v2\/categories?post=800"},{"taxonomy":"post_tag","embeddable":true,"href":"https:\/\/vecinosdelinterior.com\/index.php\/wp-json\/wp\/v2\/tags?post=800"}],"curies":[{"name":"wp","href":"https:\/\/api.w.org\/{rel}","templated":true}]}}