{"id":803,"date":"2023-09-26T12:42:55","date_gmt":"2023-09-26T15:42:55","guid":{"rendered":"https:\/\/vecinosdelinterior.com\/?p=803"},"modified":"2023-09-26T12:42:55","modified_gmt":"2023-09-26T15:42:55","slug":"los-paraguas-por-la-paz-desfilaron-por-la-villa-de-merlo","status":"publish","type":"post","link":"https:\/\/vecinosdelinterior.com\/index.php\/2023\/09\/26\/los-paraguas-por-la-paz-desfilaron-por-la-villa-de-merlo\/","title":{"rendered":"LOS \u201cPARAGUAS POR LA PAZ\u201d DESFILARON POR LA VILLA DE MERLO"},"content":{"rendered":"\n<p><\/p>\n\n\n\n<p>Integrantes del Centro de Mediaci\u00f3n participaron de la actividad organizada por el Jard\u00edn Maternal Municipal \u201cDuendes del Sol\u201d, en el marco del D\u00eda Internacional por la Paz.<\/p>\n\n\n\n<p>El lunes 25 de septiembre, las calles de Merlo se vistieron de color y esperanza para conmemorar el D\u00eda Internacional por la Paz.<\/p>\n\n\n\n<p>La actividad fue propuesta por el Jard\u00edn Maternal Municipal \u201cDuendes del Sol\u201d, en adhesi\u00f3n al Proyecto Internacional \u201cParaguas por la Paz\u201d, una iniciativa que tuvo su origen en Estados Unidos en el a\u00f1o 2002 y que se ha replicado en m\u00e1s de 20 pa\u00edses.<\/p>\n\n\n\n<p>Los Jardines de Infantes \u201cLuna de Papel\u201d y \u201cMan\u00eda Potete\u201d se sumaron a la convocatoria, que tambi\u00e9n cont\u00f3 con la participaci\u00f3n de la Coordinadora del Centro de Mediaci\u00f3n de Merlo, Denise Mu\u00f1oz, y de la agente Valeria Rodr\u00edguez.<\/p>\n\n\n\n<p>\u201cComo integrantes de un organismo destinado a la resoluci\u00f3n pac\u00edfica de conflictos, es muy gratificante ver el compromiso de estas instituciones educativas en pos de \u2018sembrar la semilla de la paz\u2019 en ni\u00f1os y ni\u00f1as de nuestra comunidad. Agradecemos al Jard\u00edn \u2018Duendes del Sol\u2019 por habernos invitado a formar parte de esta iniciativa, y por el acompa\u00f1amiento de siempre en nuestras tradicionales Caminatas por la Paz\u201d, expresaron las integrantes de mediaci\u00f3n.<\/p>\n\n\n\n<p>Finalmente, anticiparon que la actividad por la paz del pr\u00f3ximo a\u00f1o ser\u00e1 organizada en conjunto por ambas instituciones, con el fin de aunar esfuerzos para promover sociedades arm\u00f3nicas y libres de violencia.<\/p>\n\n\n\n<figure class=\"wp-block-image size-large\"><img fetchpriority=\"high\" decoding=\"async\" width=\"1024\" height=\"656\" src=\"https:\/\/vecinosdelinterior.com\/wp-content\/uploads\/2023\/09\/26-9-2023-12-41-00-1024x656.jpg\" alt=\"\" class=\"wp-image-804\" srcset=\"https:\/\/vecinosdelinterior.com\/wp-content\/uploads\/2023\/09\/26-9-2023-12-41-00-1024x656.jpg 1024w, https:\/\/vecinosdelinterior.com\/wp-content\/uploads\/2023\/09\/26-9-2023-12-41-00-300x192.jpg 300w, https:\/\/vecinosdelinterior.com\/wp-content\/uploads\/2023\/09\/26-9-2023-12-41-00-768x492.jpg 768w, https:\/\/vecinosdelinterior.com\/wp-content\/uploads\/2023\/09\/26-9-2023-12-41-00-750x481.jpg 750w, https:\/\/vecinosdelinterior.com\/wp-content\/uploads\/2023\/09\/26-9-2023-12-41-00-1140x730.jpg 1140w, https:\/\/vecinosdelinterior.com\/wp-content\/uploads\/2023\/09\/26-9-2023-12-41-00.jpg 1169w\" sizes=\"(max-width: 1024px) 100vw, 1024px\" \/><\/figure>\n\n\n\n<p><br><strong>Sobre el proyecto \u201cParaguas por la Paz\u201d<\/strong><\/p>\n\n\n\n<p>En mayo de 2002, el artista norteamericano Matt Lamb organiz\u00f3 un taller destinado a ni\u00f1os y ni\u00f1as que perdieron a sus familiares en los atentados a las Torres Gemelas producidos el 11 de septiembre de 2001. La propuesta consisti\u00f3 en la intervenci\u00f3n art\u00edstica de paraguas, como una met\u00e1fora de protecci\u00f3n. El paraguas no discrimina y, todas las personas, sin distinci\u00f3n de raza, edad, g\u00e9nero o pa\u00eds, est\u00e1n seguras debajo de \u00e9l.<\/p>\n\n\n\n<p>Desde entonces, miles de personas alrededor del mundo se han sumado a este proyecto internacional, para hacer llegar su mensaje de paz a cada rinc\u00f3n del planeta.<\/p>\n\n\n\n<p>Prensa Judicial 3\u00b0 Circunscripci\u00f3n<\/p>\n\n\n\n<p>Fuente: Centro de Mediaci\u00f3n de la Villa de Merlo<\/p>\n","protected":false},"excerpt":{"rendered":"<p>Integrantes del Centro de Mediaci\u00f3n participaron de la actividad organizada por el Jard\u00edn Maternal Municipal \u201cDuendes del Sol\u201d, en el marco del D\u00eda Internacional por la Paz. El lunes 25 de septiembre, las calles de Merlo se vistieron de color y esperanza para conmemorar el D\u00eda Internacional por la Paz. La actividad fue propuesta por [&hellip;]<\/p>\n","protected":false},"author":1,"featured_media":805,"comment_status":"open","ping_status":"open","sticky":false,"template":"","format":"standard","meta":{"footnotes":""},"categories":[23,73],"tags":[243,124],"class_list":["post-803","post","type-post","status-publish","format-standard","has-post-thumbnail","hentry","category-junin","category-merlo","tag-jardin-maternal-municipal-duendes-del-sol","tag-merlo"],"_links":{"self":[{"href":"https:\/\/vecinosdelinterior.com\/index.php\/wp-json\/wp\/v2\/posts\/803","targetHints":{"allow":["GET"]}}],"collection":[{"href":"https:\/\/vecinosdelinterior.com\/index.php\/wp-json\/wp\/v2\/posts"}],"about":[{"href":"https:\/\/vecinosdelinterior.com\/index.php\/wp-json\/wp\/v2\/types\/post"}],"author":[{"embeddable":true,"href":"https:\/\/vecinosdelinterior.com\/index.php\/wp-json\/wp\/v2\/users\/1"}],"replies":[{"embeddable":true,"href":"https:\/\/vecinosdelinterior.com\/index.php\/wp-json\/wp\/v2\/comments?post=803"}],"version-history":[{"count":1,"href":"https:\/\/vecinosdelinterior.com\/index.php\/wp-json\/wp\/v2\/posts\/803\/revisions"}],"predecessor-version":[{"id":806,"href":"https:\/\/vecinosdelinterior.com\/index.php\/wp-json\/wp\/v2\/posts\/803\/revisions\/806"}],"wp:featuredmedia":[{"embeddable":true,"href":"https:\/\/vecinosdelinterior.com\/index.php\/wp-json\/wp\/v2\/media\/805"}],"wp:attachment":[{"href":"https:\/\/vecinosdelinterior.com\/index.php\/wp-json\/wp\/v2\/media?parent=803"}],"wp:term":[{"taxonomy":"category","embeddable":true,"href":"https:\/\/vecinosdelinterior.com\/index.php\/wp-json\/wp\/v2\/categories?post=803"},{"taxonomy":"post_tag","embeddable":true,"href":"https:\/\/vecinosdelinterior.com\/index.php\/wp-json\/wp\/v2\/tags?post=803"}],"curies":[{"name":"wp","href":"https:\/\/api.w.org\/{rel}","templated":true}]}}