{"id":810,"date":"2023-09-27T10:45:24","date_gmt":"2023-09-27T13:45:24","guid":{"rendered":"https:\/\/vecinosdelinterior.com\/?p=810"},"modified":"2023-09-27T10:45:25","modified_gmt":"2023-09-27T13:45:25","slug":"inauguracion-de-cajeros-automaticos-en-anchorena-y-fortuna","status":"publish","type":"post","link":"https:\/\/vecinosdelinterior.com\/index.php\/2023\/09\/27\/inauguracion-de-cajeros-automaticos-en-anchorena-y-fortuna\/","title":{"rendered":"Inauguraci\u00f3n de cajeros autom\u00e1ticos en Anchorena y Fortuna."},"content":{"rendered":"\n<p><br>Las localidades del sur provincial son dos de los 31 puntos del territorio provincial en donde, gracias al trabajo conjunto del Gobierno Provincial, municipios y el Banco Naci\u00f3n, se instalar\u00e1n estos dispositivos.<\/p>\n\n\n\n<figure class=\"wp-block-gallery has-nested-images columns-default is-cropped wp-block-gallery-1 is-layout-flex wp-block-gallery-is-layout-flex\">\n<figure class=\"wp-block-image size-large\"><img fetchpriority=\"high\" decoding=\"async\" width=\"960\" height=\"640\" data-id=\"812\" src=\"https:\/\/vecinosdelinterior.com\/wp-content\/uploads\/2023\/09\/382335936_165553499928678_8940297814312814449_n.jpg\" alt=\"\" class=\"wp-image-812\" srcset=\"https:\/\/vecinosdelinterior.com\/wp-content\/uploads\/2023\/09\/382335936_165553499928678_8940297814312814449_n.jpg 960w, https:\/\/vecinosdelinterior.com\/wp-content\/uploads\/2023\/09\/382335936_165553499928678_8940297814312814449_n-300x200.jpg 300w, https:\/\/vecinosdelinterior.com\/wp-content\/uploads\/2023\/09\/382335936_165553499928678_8940297814312814449_n-768x512.jpg 768w, https:\/\/vecinosdelinterior.com\/wp-content\/uploads\/2023\/09\/382335936_165553499928678_8940297814312814449_n-750x500.jpg 750w\" sizes=\"(max-width: 960px) 100vw, 960px\" \/><\/figure>\n\n\n\n<figure class=\"wp-block-image size-large\"><img decoding=\"async\" width=\"900\" height=\"600\" data-id=\"811\" src=\"https:\/\/vecinosdelinterior.com\/wp-content\/uploads\/2023\/09\/380704683_165553463262015_2458458997861961030_n.jpg\" alt=\"\" class=\"wp-image-811\" srcset=\"https:\/\/vecinosdelinterior.com\/wp-content\/uploads\/2023\/09\/380704683_165553463262015_2458458997861961030_n.jpg 900w, https:\/\/vecinosdelinterior.com\/wp-content\/uploads\/2023\/09\/380704683_165553463262015_2458458997861961030_n-300x200.jpg 300w, https:\/\/vecinosdelinterior.com\/wp-content\/uploads\/2023\/09\/380704683_165553463262015_2458458997861961030_n-768x512.jpg 768w, https:\/\/vecinosdelinterior.com\/wp-content\/uploads\/2023\/09\/380704683_165553463262015_2458458997861961030_n-750x500.jpg 750w\" sizes=\"(max-width: 900px) 100vw, 900px\" \/><\/figure>\n<\/figure>\n\n\n\n<p><br>\u201cEs un d\u00eda en el que estamos haciendo patria, estamos haciendo puntanidad en nuestro querido sur provincial\u201d. Con esas palabras, el ministro de Hacienda P\u00fablica de la provincia, Eloy Horcajo, sintetiz\u00f3 este lunes el sentir por las inauguraciones, que significan para los habitantes de esos pueblos y de las zonas aleda\u00f1as una enorme apuesta al progreso desde la inclusi\u00f3n financiera. \u201cPara nuestro sur provincial esto es muy importante, porque Dupuy es un departamento donde las distancias se sienten, al igual que en el norte de nuestra provincia, donde tambi\u00e9n vamos a inaugurar m\u00e1s cajeros\u201d, adelant\u00f3 el jefe de la referida cartera.<br>El ministro destac\u00f3 que pol\u00edticas como esta modifican la vida cotidiana de los habitantes y genera m\u00faltiples impactos positivos. \u201cPara los vecinos y vecinas fueron muchos a\u00f1os de espera. Hoy estamos haciendo realidad el sue\u00f1o de tener un servicio bancario en sus localidades. Reci\u00e9n habl\u00e1bamos con ellos y nos contaban que muchos tienen que trasladarse 15, 20, 30 o m\u00e1s kil\u00f3metros para cobrar la jubilaci\u00f3n, pensi\u00f3n o el sueldo, o para hacer una operaci\u00f3n bancaria en un cajero autom\u00e1tico. Esto realmente genera inclusi\u00f3n financiera, porque le da al vecino o vecina la comodidad de poder operar en su localidad\u201d, resumi\u00f3 Horcajo, quien record\u00f3 que este proyecto se concret\u00f3 gracias a la tarea mancomunada del Gobierno provincial, los municipios y el Banco Naci\u00f3n, \u201cque entiende que cada residente de nuestro querido interior provincial es parte tambi\u00e9n de Argentina y merece tener un servicio bancario financiero como aquellos que viven en las grandes ciudades\u201d.<br>Por su parte, el jefe del Programa Asuntos Municipales del Ministerio de Gobierno, Justicia y Culto, Facundo Rodr\u00edguez Iannello, indic\u00f3 que esta iniciativa marca que el Gobierno provincial tiene un car\u00e1cter profundamente federal, que trabaja y act\u00faa siempre de la periferia al centro, acercando distintos servicios a la ciudadan\u00eda, \u201cpara incluir siempre a las localidades del interior y que puedan estar conectadas con el resto de San Luis, que tiene un vasto territorio, y m\u00e1s ampliamente, con el mundo\u201d.<br>El jefe de Programa record\u00f3 que con estas \u00faltimas dos obras, desde que se firm\u00f3 el acuerdo entre el Gobierno provincial, los municipios y la entidad bancaria, a fines de 2022, ya se han inaugurado cinco cajeros. \u201cEn cada lugar al que vamos escuchamos de los vecinos historias que se repiten, por ejemplo, que tienen que pagar entre varios un remis para ir a cobrar el sueldo a una localidad cercana, o que entre varios juntan dinero para pagar el combustible y viajar. Son cuestiones que no deber\u00edan suceder. Pero lo importante es que hay una decisi\u00f3n pol\u00edtica de instalar los cajeros y trabajar por el crecimiento de los pueblos\u201d.<br>Y cerr\u00f3: \u201cNos toca vivir en ciudades m\u00e1s grandes, m\u00e1s desarrolladas y naturalizamos el tener cajero, pero para estos vecinos es un gran avance. La gente nos lo hace saber en cada localidad a la que vamos, y nos expresa su felicidad, su alegr\u00eda\u201d.<\/p>\n","protected":false},"excerpt":{"rendered":"<p>Las localidades del sur provincial son dos de los 31 puntos del territorio provincial en donde, gracias al trabajo conjunto del Gobierno Provincial, municipios y el Banco Naci\u00f3n, se instalar\u00e1n estos dispositivos. \u201cEs un d\u00eda en el que estamos haciendo patria, estamos haciendo puntanidad en nuestro querido sur provincial\u201d. Con esas palabras, el ministro de [&hellip;]<\/p>\n","protected":false},"author":1,"featured_media":812,"comment_status":"open","ping_status":"open","sticky":false,"template":"","format":"standard","meta":{"footnotes":""},"categories":[1],"tags":[246,245,247],"class_list":["post-810","post","type-post","status-publish","format-standard","has-post-thumbnail","hentry","category-blog","tag-anchorena","tag-cajeros-automaticos","tag-fortuna"],"_links":{"self":[{"href":"https:\/\/vecinosdelinterior.com\/index.php\/wp-json\/wp\/v2\/posts\/810","targetHints":{"allow":["GET"]}}],"collection":[{"href":"https:\/\/vecinosdelinterior.com\/index.php\/wp-json\/wp\/v2\/posts"}],"about":[{"href":"https:\/\/vecinosdelinterior.com\/index.php\/wp-json\/wp\/v2\/types\/post"}],"author":[{"embeddable":true,"href":"https:\/\/vecinosdelinterior.com\/index.php\/wp-json\/wp\/v2\/users\/1"}],"replies":[{"embeddable":true,"href":"https:\/\/vecinosdelinterior.com\/index.php\/wp-json\/wp\/v2\/comments?post=810"}],"version-history":[{"count":1,"href":"https:\/\/vecinosdelinterior.com\/index.php\/wp-json\/wp\/v2\/posts\/810\/revisions"}],"predecessor-version":[{"id":813,"href":"https:\/\/vecinosdelinterior.com\/index.php\/wp-json\/wp\/v2\/posts\/810\/revisions\/813"}],"wp:featuredmedia":[{"embeddable":true,"href":"https:\/\/vecinosdelinterior.com\/index.php\/wp-json\/wp\/v2\/media\/812"}],"wp:attachment":[{"href":"https:\/\/vecinosdelinterior.com\/index.php\/wp-json\/wp\/v2\/media?parent=810"}],"wp:term":[{"taxonomy":"category","embeddable":true,"href":"https:\/\/vecinosdelinterior.com\/index.php\/wp-json\/wp\/v2\/categories?post=810"},{"taxonomy":"post_tag","embeddable":true,"href":"https:\/\/vecinosdelinterior.com\/index.php\/wp-json\/wp\/v2\/tags?post=810"}],"curies":[{"name":"wp","href":"https:\/\/api.w.org\/{rel}","templated":true}]}}