{"id":814,"date":"2023-09-27T10:46:47","date_gmt":"2023-09-27T13:46:47","guid":{"rendered":"https:\/\/vecinosdelinterior.com\/?p=814"},"modified":"2023-09-27T10:46:47","modified_gmt":"2023-09-27T13:46:47","slug":"murio-un-motociclista-de-60-anos-en-un-accidente-cerca-de-la-carolina","status":"publish","type":"post","link":"https:\/\/vecinosdelinterior.com\/index.php\/2023\/09\/27\/murio-un-motociclista-de-60-anos-en-un-accidente-cerca-de-la-carolina\/","title":{"rendered":"Muri\u00f3 un motociclista de 60 a\u00f1os en un accidente cerca de La Carolina"},"content":{"rendered":"\n<p>www.vecinosdelinterior.com<br>Un hombre de 60 a\u00f1os que transitaba en motocicleta por la ruta provincial N\u00b09 muri\u00f3 este martes por la tarde tras perder el control y caer del rodado, inform\u00f3 el cuartel de Bomberos Voluntarios de La Carolina.<br>El accidente se produjo a 7 kil\u00f3metros de La Carolina, en el paraje Pampa de las Invernadas. La v\u00edctima era oriunda de San Mart\u00edn de los Andes, Neuqu\u00e9n.<br>Cuando llegaron los bomberos y personal de Salud, el hombre se encontraba con signos vitales, pero falleci\u00f3 en el Hospital regional.<\/p>\n\n\n\n<figure class=\"wp-block-image size-large\"><img fetchpriority=\"high\" decoding=\"async\" width=\"1024\" height=\"576\" src=\"https:\/\/vecinosdelinterior.com\/wp-content\/uploads\/2023\/09\/382504024_165552436595451_7395844173143465531_n-1024x576.jpg\" alt=\"\" class=\"wp-image-815\" srcset=\"https:\/\/vecinosdelinterior.com\/wp-content\/uploads\/2023\/09\/382504024_165552436595451_7395844173143465531_n-1024x576.jpg 1024w, https:\/\/vecinosdelinterior.com\/wp-content\/uploads\/2023\/09\/382504024_165552436595451_7395844173143465531_n-300x169.jpg 300w, https:\/\/vecinosdelinterior.com\/wp-content\/uploads\/2023\/09\/382504024_165552436595451_7395844173143465531_n-768x432.jpg 768w, https:\/\/vecinosdelinterior.com\/wp-content\/uploads\/2023\/09\/382504024_165552436595451_7395844173143465531_n-750x422.jpg 750w, https:\/\/vecinosdelinterior.com\/wp-content\/uploads\/2023\/09\/382504024_165552436595451_7395844173143465531_n-1140x641.jpg 1140w, https:\/\/vecinosdelinterior.com\/wp-content\/uploads\/2023\/09\/382504024_165552436595451_7395844173143465531_n.jpg 1280w\" sizes=\"(max-width: 1024px) 100vw, 1024px\" \/><\/figure>\n","protected":false},"excerpt":{"rendered":"<p>www.vecinosdelinterior.comUn hombre de 60 a\u00f1os que transitaba en motocicleta por la ruta provincial N\u00b09 muri\u00f3 este martes por la tarde tras perder el control y caer del rodado, inform\u00f3 el cuartel de Bomberos Voluntarios de La Carolina.El accidente se produjo a 7 kil\u00f3metros de La Carolina, en el paraje Pampa de las Invernadas. La v\u00edctima [&hellip;]<\/p>\n","protected":false},"author":1,"featured_media":815,"comment_status":"open","ping_status":"open","sticky":false,"template":"","format":"standard","meta":{"footnotes":""},"categories":[112],"tags":[87,113],"class_list":["post-814","post","type-post","status-publish","format-standard","has-post-thumbnail","hentry","category-la-carolina","tag-accidente","tag-la-carolina"],"_links":{"self":[{"href":"https:\/\/vecinosdelinterior.com\/index.php\/wp-json\/wp\/v2\/posts\/814","targetHints":{"allow":["GET"]}}],"collection":[{"href":"https:\/\/vecinosdelinterior.com\/index.php\/wp-json\/wp\/v2\/posts"}],"about":[{"href":"https:\/\/vecinosdelinterior.com\/index.php\/wp-json\/wp\/v2\/types\/post"}],"author":[{"embeddable":true,"href":"https:\/\/vecinosdelinterior.com\/index.php\/wp-json\/wp\/v2\/users\/1"}],"replies":[{"embeddable":true,"href":"https:\/\/vecinosdelinterior.com\/index.php\/wp-json\/wp\/v2\/comments?post=814"}],"version-history":[{"count":1,"href":"https:\/\/vecinosdelinterior.com\/index.php\/wp-json\/wp\/v2\/posts\/814\/revisions"}],"predecessor-version":[{"id":816,"href":"https:\/\/vecinosdelinterior.com\/index.php\/wp-json\/wp\/v2\/posts\/814\/revisions\/816"}],"wp:featuredmedia":[{"embeddable":true,"href":"https:\/\/vecinosdelinterior.com\/index.php\/wp-json\/wp\/v2\/media\/815"}],"wp:attachment":[{"href":"https:\/\/vecinosdelinterior.com\/index.php\/wp-json\/wp\/v2\/media?parent=814"}],"wp:term":[{"taxonomy":"category","embeddable":true,"href":"https:\/\/vecinosdelinterior.com\/index.php\/wp-json\/wp\/v2\/categories?post=814"},{"taxonomy":"post_tag","embeddable":true,"href":"https:\/\/vecinosdelinterior.com\/index.php\/wp-json\/wp\/v2\/tags?post=814"}],"curies":[{"name":"wp","href":"https:\/\/api.w.org\/{rel}","templated":true}]}}