{"id":82,"date":"2023-07-11T11:08:13","date_gmt":"2023-07-11T14:08:13","guid":{"rendered":"https:\/\/vecinosdelinterior.com\/?p=82"},"modified":"2023-08-27T11:26:13","modified_gmt":"2023-08-27T14:26:13","slug":"mas-de-300-personas-disfrutaron-de-peter-pan-y-wendy-el-musical-de-nunca-jamas-en-nueva-galia","status":"publish","type":"post","link":"https:\/\/vecinosdelinterior.com\/index.php\/2023\/07\/11\/mas-de-300-personas-disfrutaron-de-peter-pan-y-wendy-el-musical-de-nunca-jamas-en-nueva-galia\/","title":{"rendered":"M\u00e1s de 300 personas disfrutaron de \u201cPeter Pan y Wendy, el musical de Nunca Jam\u00e1s\u201d en Nueva Galia"},"content":{"rendered":"\n<p>A sala llena, el espect\u00e1culo musical inici\u00f3 su gira en el sur provincial. \u201cEl interior provincial siempre nos recibe con los brazos abiertos, y es un honor compartir con todas las familias esta producci\u00f3n \u00edntegramente puntana\u201d, indic\u00f3 la secretaria de Cultura, Silvia Rapisarda.<\/p>\n\n\n\n<p>Con el fin de estimular y fortalecer las industrias culturales, el Gobierno provincial apuesta por la creatividad y formaci\u00f3n de los talentos locales. El nuevo musical es un reflejo de este objetivo que potencia cada eslab\u00f3n art\u00edstico de la periferia al centro.<\/p>\n\n\n\n<figure class=\"wp-block-image size-full\"><img fetchpriority=\"high\" decoding=\"async\" width=\"740\" height=\"500\" src=\"https:\/\/vecinosdelinterior.com\/wp-content\/uploads\/2023\/07\/NUEVA-GALIA-4.jpeg\" alt=\"\" class=\"wp-image-83\" srcset=\"https:\/\/vecinosdelinterior.com\/wp-content\/uploads\/2023\/07\/NUEVA-GALIA-4.jpeg 740w, https:\/\/vecinosdelinterior.com\/wp-content\/uploads\/2023\/07\/NUEVA-GALIA-4-300x203.jpeg 300w\" sizes=\"(max-width: 740px) 100vw, 740px\" \/><\/figure>\n\n\n\n<p>\u201cEl Estado invierte en infraestructura porque la cultura genera trabajo, es un motor dinamizador de la econom\u00eda. A partir de un hecho cultural hay muchas trabajadoras y trabajadores que promueven el desarrollo y el crecimiento\u201d, asegur\u00f3 la secretaria de Cultura, Silvia Rapisarda.<\/p>\n\n\n\n<p>Con m\u00e1s de 20 artistas en escena, este s\u00e1bado se estren\u00f3 en Nueva Galia la obra \u201cPeter Pan y Wendy, el musical de Nunca Jam\u00e1s\u201d, que recorrer\u00e1 los nueve departamentos provinciales durante las vacaciones de invierno.<\/p>\n\n\n\n<p>El espect\u00e1culo, realizado junto a Mylu producciones, tiene como antecedente \u201cAlicia, el musical\u201d, que el a\u00f1o pasado disfrutaron m\u00e1s de 6000 personas. En total, dicha obra recorri\u00f3 m\u00e1s de cuatro 1000 km durante catorce d\u00edas y lleg\u00f3 a doce localidades.<\/p>\n\n\n\n<p>Consultada sobre los momentos previos a la funci\u00f3n, Abril Sosa Amieva, guionista e integrante del elenco, describi\u00f3: \u201cA las 18:00 est\u00e1bamos terminando la prueba de sonido y vimos que hab\u00eda varios ni\u00f1os haciendo fila una hora antes del inicio del show. As\u00ed que corrimos a cambiarnos y terminar de prepararnos. Todo el equipo y el elenco est\u00e1bamos con mucha energ\u00eda. Detr\u00e1s del escenario nos abrazamos, cantamos, nos emocionamos, saltamos y siempre nos agradecemos entre todos\u201d.<\/p>\n\n\n\n<p>El show arranc\u00f3 puntual a las 19:00 y tuvo lugar en la Escuela T\u00e9cnica N\u00b025 \u201cEscultor Antonio Nevot\u201d de la localidad.<\/p>\n\n\n\n<figure class=\"wp-block-image size-full\"><img decoding=\"async\" width=\"740\" height=\"500\" src=\"https:\/\/vecinosdelinterior.com\/wp-content\/uploads\/2023\/07\/NUEVA-GALIA-1.jpeg\" alt=\"\" class=\"wp-image-84\" srcset=\"https:\/\/vecinosdelinterior.com\/wp-content\/uploads\/2023\/07\/NUEVA-GALIA-1.jpeg 740w, https:\/\/vecinosdelinterior.com\/wp-content\/uploads\/2023\/07\/NUEVA-GALIA-1-300x203.jpeg 300w\" sizes=\"(max-width: 740px) 100vw, 740px\" \/><\/figure>\n\n\n\n<p>\u201cEl p\u00fablico al principio estaba un poco t\u00edmido, pero a medida que avanzaba la obra, los ni\u00f1os se levantaban de sus asientos para acercarse al escenario. Tanto los m\u00e1s chicos como los adultos se re\u00edan con los momentos divertidos y los chistes\u201d, relat\u00f3 la artista.<\/p>\n\n\n\n<p>Al finalizar la obra, todo el elenco baj\u00f3 del escenario para sacarse fotos con los ni\u00f1os y ni\u00f1as. \u201cMuchos corr\u00edan a abrazarnos y contarnos cu\u00e1l fue su parte favorita de la obra. Estamos muy contentos de haber estrenado en Nueva Galia ya que no hab\u00edamos ido a ese lugar con la gira de \u00b4Alicia\u00b4\u201d, coment\u00f3 Sosa Amieva.<\/p>\n\n\n\n<p>\u201cAhora descansamos y reunimos nuestras mejores energ\u00edas para la funci\u00f3n de este martes en La Toma\u201d, expres\u00f3.<\/p>\n\n\n\n<p>\u201cPeter Pan y Wendy, el musical de Nunca Jam\u00e1s\u201d, cuenta con un enorme trabajo de producci\u00f3n y realizaci\u00f3n entre vestuario, escenograf\u00eda, utiler\u00eda. Esta propuesta tiene como valor agregado la particularidad de plantear varios de los conflictos propios de la etapa adolescente.<\/p>\n\n\n\n<p>La adaptaci\u00f3n fue desarrollada por Abril Sosa Amieva, Francisco Mart\u00ednez, Majo P\u00e9rez y Pablo Rossi. La obra tiene casi dos horas de duraci\u00f3n y todas las funciones que realice en vacaciones de invierno ser\u00e1n con entrada gratuita.<\/p>\n\n\n\n<p><strong>As\u00ed contin\u00faa la agenda de la gira provincial<\/strong><\/p>\n\n\n\n<p>Martes 11 de julio: La Toma<\/p>\n\n\n\n<p>Jueves 13 de julio : Villa de la Quebrada<\/p>\n\n\n\n<p>Viernes 14 de julio : Justo Daract<\/p>\n\n\n\n<p>S\u00e1bado 15 de julio: San Francisco del Monte de Oro<\/p>\n\n\n\n<p>Lunes 17 de julio : Tilisarao<\/p>\n\n\n\n<p>Mi\u00e9rcoles 19 de julio : San Mart\u00edn<\/p>\n\n\n\n<p>Jueves 20 de julio : Merlo<\/p>\n\n\n\n<p>Viernes 21 de julio : Villa Mercedes<\/p>\n\n\n\n<p>S\u00e1bado 22 de julio : Ciudad de San Luis<\/p>\n\n\n\n<p>Las entradas se reparten en colaboraci\u00f3n con los municipios y para algunas funciones espec\u00edficas como las de San Luis, Villa Mercedes, Merlo y San Francisco se deber\u00e1n reservar de forma online.<\/p>\n","protected":false},"excerpt":{"rendered":"<p>A sala llena, el espect\u00e1culo musical inici\u00f3 su gira en el sur provincial. \u201cEl interior provincial siempre nos recibe con los brazos abiertos, y es un honor compartir con todas las familias esta producci\u00f3n \u00edntegramente puntana\u201d, indic\u00f3 la secretaria de Cultura, Silvia Rapisarda. Con el fin de estimular y fortalecer las industrias culturales, el Gobierno [&hellip;]<\/p>\n","protected":false},"author":1,"featured_media":84,"comment_status":"open","ping_status":"open","sticky":false,"template":"","format":"standard","meta":{"footnotes":""},"categories":[16,40],"tags":[42,41,175],"class_list":["post-82","post","type-post","status-publish","format-standard","has-post-thumbnail","hentry","category-dupuy","category-nueva-galia","tag-nueva-galia","tag-peter-pan","tag-turismo"],"_links":{"self":[{"href":"https:\/\/vecinosdelinterior.com\/index.php\/wp-json\/wp\/v2\/posts\/82","targetHints":{"allow":["GET"]}}],"collection":[{"href":"https:\/\/vecinosdelinterior.com\/index.php\/wp-json\/wp\/v2\/posts"}],"about":[{"href":"https:\/\/vecinosdelinterior.com\/index.php\/wp-json\/wp\/v2\/types\/post"}],"author":[{"embeddable":true,"href":"https:\/\/vecinosdelinterior.com\/index.php\/wp-json\/wp\/v2\/users\/1"}],"replies":[{"embeddable":true,"href":"https:\/\/vecinosdelinterior.com\/index.php\/wp-json\/wp\/v2\/comments?post=82"}],"version-history":[{"count":1,"href":"https:\/\/vecinosdelinterior.com\/index.php\/wp-json\/wp\/v2\/posts\/82\/revisions"}],"predecessor-version":[{"id":85,"href":"https:\/\/vecinosdelinterior.com\/index.php\/wp-json\/wp\/v2\/posts\/82\/revisions\/85"}],"wp:featuredmedia":[{"embeddable":true,"href":"https:\/\/vecinosdelinterior.com\/index.php\/wp-json\/wp\/v2\/media\/84"}],"wp:attachment":[{"href":"https:\/\/vecinosdelinterior.com\/index.php\/wp-json\/wp\/v2\/media?parent=82"}],"wp:term":[{"taxonomy":"category","embeddable":true,"href":"https:\/\/vecinosdelinterior.com\/index.php\/wp-json\/wp\/v2\/categories?post=82"},{"taxonomy":"post_tag","embeddable":true,"href":"https:\/\/vecinosdelinterior.com\/index.php\/wp-json\/wp\/v2\/tags?post=82"}],"curies":[{"name":"wp","href":"https:\/\/api.w.org\/{rel}","templated":true}]}}