{"id":822,"date":"2023-09-28T13:37:00","date_gmt":"2023-09-28T16:37:00","guid":{"rendered":"https:\/\/vecinosdelinterior.com\/?p=822"},"modified":"2023-09-28T13:37:01","modified_gmt":"2023-09-28T16:37:01","slug":"mas-de-160-jovenes-de-los-departamentos-pedernera-y-pringles-iniciaran-sus-capacitaciones-laborales","status":"publish","type":"post","link":"https:\/\/vecinosdelinterior.com\/index.php\/2023\/09\/28\/mas-de-160-jovenes-de-los-departamentos-pedernera-y-pringles-iniciaran-sus-capacitaciones-laborales\/","title":{"rendered":"M\u00e1s de 160 j\u00f3venes de los departamentos Pedernera y Pringles iniciar\u00e1n sus capacitaciones laborales"},"content":{"rendered":"\n<p>Este mi\u00e9rcoles se firmaron los convenios correspondientes, con lo cual ya son m\u00e1s de 4000 los beneficiarios de esta iniciativa del Gobierno de la provincia de San Luis.<\/p>\n\n\n\n<p>\u201cEn esta tanda, la actividad est\u00e1 centrada en Villa Mercedes, abarcando a personas del departamento Pedernera, y cerraremos la jornada en Fraga, con quienes viven en el departamento Pringles\u201d, precis\u00f3 Agust\u00edn Molina, coordinador del Programa Empezar, que se implementa a trav\u00e9s de la Secretar\u00eda de las Juventudes. \u201cEn la oportunidad, se est\u00e1n firmando 160 convenios, con lo que ya son m\u00e1s de 4000 los beneficiarios en los nueve departamentos del territorio provincial\u201d, agreg\u00f3.<\/p>\n\n\n\n<figure class=\"wp-block-gallery has-nested-images columns-default is-cropped wp-block-gallery-1 is-layout-flex wp-block-gallery-is-layout-flex\">\n<figure class=\"wp-block-image size-large\"><img fetchpriority=\"high\" decoding=\"async\" width=\"1024\" height=\"683\" data-id=\"823\" src=\"https:\/\/vecinosdelinterior.com\/wp-content\/uploads\/2023\/09\/WhatsApp-Image-2023-09-27-at-11.45.56-1-1024x683.jpeg\" alt=\"\" class=\"wp-image-823\" srcset=\"https:\/\/vecinosdelinterior.com\/wp-content\/uploads\/2023\/09\/WhatsApp-Image-2023-09-27-at-11.45.56-1-1024x683.jpeg 1024w, https:\/\/vecinosdelinterior.com\/wp-content\/uploads\/2023\/09\/WhatsApp-Image-2023-09-27-at-11.45.56-1-300x200.jpeg 300w, https:\/\/vecinosdelinterior.com\/wp-content\/uploads\/2023\/09\/WhatsApp-Image-2023-09-27-at-11.45.56-1-768x512.jpeg 768w, https:\/\/vecinosdelinterior.com\/wp-content\/uploads\/2023\/09\/WhatsApp-Image-2023-09-27-at-11.45.56-1-1536x1024.jpeg 1536w, https:\/\/vecinosdelinterior.com\/wp-content\/uploads\/2023\/09\/WhatsApp-Image-2023-09-27-at-11.45.56-1-750x500.jpeg 750w, https:\/\/vecinosdelinterior.com\/wp-content\/uploads\/2023\/09\/WhatsApp-Image-2023-09-27-at-11.45.56-1-1140x760.jpeg 1140w, https:\/\/vecinosdelinterior.com\/wp-content\/uploads\/2023\/09\/WhatsApp-Image-2023-09-27-at-11.45.56-1.jpeg 1599w\" sizes=\"(max-width: 1024px) 100vw, 1024px\" \/><\/figure>\n\n\n\n<figure class=\"wp-block-image size-large\"><img decoding=\"async\" width=\"1024\" height=\"683\" data-id=\"824\" src=\"https:\/\/vecinosdelinterior.com\/wp-content\/uploads\/2023\/09\/WhatsApp-Image-2023-09-27-at-11.45.53-1024x683.jpeg\" alt=\"\" class=\"wp-image-824\" srcset=\"https:\/\/vecinosdelinterior.com\/wp-content\/uploads\/2023\/09\/WhatsApp-Image-2023-09-27-at-11.45.53-1024x683.jpeg 1024w, https:\/\/vecinosdelinterior.com\/wp-content\/uploads\/2023\/09\/WhatsApp-Image-2023-09-27-at-11.45.53-300x200.jpeg 300w, https:\/\/vecinosdelinterior.com\/wp-content\/uploads\/2023\/09\/WhatsApp-Image-2023-09-27-at-11.45.53-768x512.jpeg 768w, https:\/\/vecinosdelinterior.com\/wp-content\/uploads\/2023\/09\/WhatsApp-Image-2023-09-27-at-11.45.53-1536x1024.jpeg 1536w, https:\/\/vecinosdelinterior.com\/wp-content\/uploads\/2023\/09\/WhatsApp-Image-2023-09-27-at-11.45.53-750x500.jpeg 750w, https:\/\/vecinosdelinterior.com\/wp-content\/uploads\/2023\/09\/WhatsApp-Image-2023-09-27-at-11.45.53-1140x760.jpeg 1140w, https:\/\/vecinosdelinterior.com\/wp-content\/uploads\/2023\/09\/WhatsApp-Image-2023-09-27-at-11.45.53.jpeg 1599w\" sizes=\"(max-width: 1024px) 100vw, 1024px\" \/><\/figure>\n\n\n\n<figure class=\"wp-block-image size-large\"><img decoding=\"async\" width=\"1024\" height=\"683\" data-id=\"825\" src=\"https:\/\/vecinosdelinterior.com\/wp-content\/uploads\/2023\/09\/WhatsApp-Image-2023-09-27-at-11.45.57-2-1024x683.jpeg\" alt=\"\" class=\"wp-image-825\" srcset=\"https:\/\/vecinosdelinterior.com\/wp-content\/uploads\/2023\/09\/WhatsApp-Image-2023-09-27-at-11.45.57-2-1024x683.jpeg 1024w, https:\/\/vecinosdelinterior.com\/wp-content\/uploads\/2023\/09\/WhatsApp-Image-2023-09-27-at-11.45.57-2-300x200.jpeg 300w, https:\/\/vecinosdelinterior.com\/wp-content\/uploads\/2023\/09\/WhatsApp-Image-2023-09-27-at-11.45.57-2-768x512.jpeg 768w, https:\/\/vecinosdelinterior.com\/wp-content\/uploads\/2023\/09\/WhatsApp-Image-2023-09-27-at-11.45.57-2-1536x1024.jpeg 1536w, https:\/\/vecinosdelinterior.com\/wp-content\/uploads\/2023\/09\/WhatsApp-Image-2023-09-27-at-11.45.57-2-750x500.jpeg 750w, https:\/\/vecinosdelinterior.com\/wp-content\/uploads\/2023\/09\/WhatsApp-Image-2023-09-27-at-11.45.57-2-1140x760.jpeg 1140w, https:\/\/vecinosdelinterior.com\/wp-content\/uploads\/2023\/09\/WhatsApp-Image-2023-09-27-at-11.45.57-2.jpeg 1599w\" sizes=\"(max-width: 1024px) 100vw, 1024px\" \/><\/figure>\n<\/figure>\n\n\n\n<p>De los objetivos de Empezar, Molina remarc\u00f3: \u201cSe busca propiciar que los chicos puedan dar su primer paso en el \u00e1mbito laboral, meta que hoy por hoy se les hace dif\u00edcil porque se les suele pedir experiencia, algo que por lo general no tienen. Ante ello, el Gobierno de la provincia de San Luis cre\u00f3 esta herramienta, con la cual reciben una capacitaci\u00f3n para afrontar su primer trabajo. La otra parte fundamental de la iniciativa la aportan comerciantes, empresarios, emprendedores, monotributistas y un amplio abanico de quienes ofrecen la posibilidad de incorporar a estos j\u00f3venes por un lapso de seis meses, para luego otorgar una pr\u00f3rroga de otro semestre. Adem\u00e1s, el Programa est\u00e1 avalado por una Ley Provincial, para que se proyecte en el tiempo\u201d.<\/p>\n\n\n\n<p>Los aspirantes deben tener entre 16 a 24 a\u00f1os y cuentan con dos modalidades, la de \u201caprendiz\u201d y la de \u201centrenamiento\u201d. La primera est\u00e1 destinada a quienes cursen el \u00faltimo a\u00f1o de una escuela t\u00e9cnica o que superen el 50% de sus estudios en una instituci\u00f3n p\u00fablica o privada dedicada a oficios o profesiones. Por su parte, la modalidad \u201centrenamiento\u201d est\u00e1 destinada a j\u00f3venes que no tengan un empleo formal o sean monotributistas.<\/p>\n\n\n\n<p>Cada interesado puede decidir el rubro en el que quiera incursionar, como tambi\u00e9n elegir a su capacitador, es decir quien le brinde el puesto para hacer sus primeras experiencias laborales. Todos los requisitos y detalles del Programa est\u00e1n disponibles en el siguiente link: https:\/\/juventudes.sanluis.gov.ar\/empezar.<\/p>\n\n\n\n<p>Uno de los capacitadores que firm\u00f3 convenio este mi\u00e9rcoles fue el reconocido periodista, productor y artista Alejandro Bustos, quien aprovech\u00f3 la oportunidad para sumar a una joven fascinada con el mundo de las comunicaciones: \u201cSe trata de Romina, de 21 a\u00f1os, cuya familia es conocida de la m\u00eda y que tiene la inquietud de trabajar en algo relacionado con lo que hacemos en Paloma Producciones, como por ejemplo el programa radial \u2018Sin pelos en la lengua\u2019. Cuando nos enteramos de esta maravillosa propuesta surgi\u00f3 la idea de que se nos sumara y ahora eso se est\u00e1 cristalizando\u201d, explic\u00f3 el productor.<\/p>\n\n\n\n<p>Para el emprendedor, Bruno Su\u00e1rez, propietario de una helader\u00eda ubicada en el centro de Villa Mercedes, sumar a su equipo de trabajo a Lucia, de 18 a\u00f1os \u201cha sido una muy buena apuesta para mejorar la atenci\u00f3n a nuestros clientes, mientras que cuando nos enteramos del Programa Empezar, a trav\u00e9s del Instagram de la Secretar\u00eda de las Juventudes, nos pareci\u00f3 muy interesante y nos pusimos en contacto\u201d. Por su parte, la aludida coment\u00f3 que \u201cya estoy trabajando en la helader\u00eda, pero acceder a los beneficios de la iniciativa y tener las capacitaciones, me sirve de mucho para prepararme mejor en el mundo laboral\u201d.<\/p>\n","protected":false},"excerpt":{"rendered":"<p>Este mi\u00e9rcoles se firmaron los convenios correspondientes, con lo cual ya son m\u00e1s de 4000 los beneficiarios de esta iniciativa del Gobierno de la provincia de San Luis. \u201cEn esta tanda, la actividad est\u00e1 centrada en Villa Mercedes, abarcando a personas del departamento Pedernera, y cerraremos la jornada en Fraga, con quienes viven en el [&hellip;]<\/p>\n","protected":false},"author":1,"featured_media":825,"comment_status":"open","ping_status":"open","sticky":false,"template":"","format":"standard","meta":{"footnotes":""},"categories":[98,2],"tags":[248,249],"class_list":["post-822","post","type-post","status-publish","format-standard","has-post-thumbnail","hentry","category-pedernera","category-pringles","tag-jovenes","tag-programa-empezar"],"_links":{"self":[{"href":"https:\/\/vecinosdelinterior.com\/index.php\/wp-json\/wp\/v2\/posts\/822","targetHints":{"allow":["GET"]}}],"collection":[{"href":"https:\/\/vecinosdelinterior.com\/index.php\/wp-json\/wp\/v2\/posts"}],"about":[{"href":"https:\/\/vecinosdelinterior.com\/index.php\/wp-json\/wp\/v2\/types\/post"}],"author":[{"embeddable":true,"href":"https:\/\/vecinosdelinterior.com\/index.php\/wp-json\/wp\/v2\/users\/1"}],"replies":[{"embeddable":true,"href":"https:\/\/vecinosdelinterior.com\/index.php\/wp-json\/wp\/v2\/comments?post=822"}],"version-history":[{"count":1,"href":"https:\/\/vecinosdelinterior.com\/index.php\/wp-json\/wp\/v2\/posts\/822\/revisions"}],"predecessor-version":[{"id":826,"href":"https:\/\/vecinosdelinterior.com\/index.php\/wp-json\/wp\/v2\/posts\/822\/revisions\/826"}],"wp:featuredmedia":[{"embeddable":true,"href":"https:\/\/vecinosdelinterior.com\/index.php\/wp-json\/wp\/v2\/media\/825"}],"wp:attachment":[{"href":"https:\/\/vecinosdelinterior.com\/index.php\/wp-json\/wp\/v2\/media?parent=822"}],"wp:term":[{"taxonomy":"category","embeddable":true,"href":"https:\/\/vecinosdelinterior.com\/index.php\/wp-json\/wp\/v2\/categories?post=822"},{"taxonomy":"post_tag","embeddable":true,"href":"https:\/\/vecinosdelinterior.com\/index.php\/wp-json\/wp\/v2\/tags?post=822"}],"curies":[{"name":"wp","href":"https:\/\/api.w.org\/{rel}","templated":true}]}}