{"id":827,"date":"2023-09-28T18:26:48","date_gmt":"2023-09-28T21:26:48","guid":{"rendered":"https:\/\/vecinosdelinterior.com\/?p=827"},"modified":"2023-09-28T18:26:49","modified_gmt":"2023-09-28T21:26:49","slug":"la-autopista-de-la-informacion-activo-la-fibra-optica-en-el-dique-san-felipe","status":"publish","type":"post","link":"https:\/\/vecinosdelinterior.com\/index.php\/2023\/09\/28\/la-autopista-de-la-informacion-activo-la-fibra-optica-en-el-dique-san-felipe\/","title":{"rendered":"La Autopista de la Informaci\u00f3n activ\u00f3 la fibra \u00f3ptica en el Dique San Felipe"},"content":{"rendered":"\n<p>Ahora los vecinos de esa localidad y alrededores acceder\u00e1n a internet de alta velocidad.<\/p>\n\n\n\n<figure class=\"wp-block-gallery has-nested-images columns-default is-cropped wp-block-gallery-1 is-layout-flex wp-block-gallery-is-layout-flex\">\n<figure class=\"wp-block-image size-large\"><img fetchpriority=\"high\" decoding=\"async\" width=\"1024\" height=\"683\" data-id=\"829\" src=\"https:\/\/vecinosdelinterior.com\/wp-content\/uploads\/2023\/09\/INSTALACION-DE-SAN-LUIS-A-1000-EN-SAN-FELIPE-1-de-38-1024x683.jpg\" alt=\"\" class=\"wp-image-829\" srcset=\"https:\/\/vecinosdelinterior.com\/wp-content\/uploads\/2023\/09\/INSTALACION-DE-SAN-LUIS-A-1000-EN-SAN-FELIPE-1-de-38-1024x683.jpg 1024w, https:\/\/vecinosdelinterior.com\/wp-content\/uploads\/2023\/09\/INSTALACION-DE-SAN-LUIS-A-1000-EN-SAN-FELIPE-1-de-38-300x200.jpg 300w, https:\/\/vecinosdelinterior.com\/wp-content\/uploads\/2023\/09\/INSTALACION-DE-SAN-LUIS-A-1000-EN-SAN-FELIPE-1-de-38-768x512.jpg 768w, https:\/\/vecinosdelinterior.com\/wp-content\/uploads\/2023\/09\/INSTALACION-DE-SAN-LUIS-A-1000-EN-SAN-FELIPE-1-de-38-1536x1024.jpg 1536w, https:\/\/vecinosdelinterior.com\/wp-content\/uploads\/2023\/09\/INSTALACION-DE-SAN-LUIS-A-1000-EN-SAN-FELIPE-1-de-38-750x500.jpg 750w, https:\/\/vecinosdelinterior.com\/wp-content\/uploads\/2023\/09\/INSTALACION-DE-SAN-LUIS-A-1000-EN-SAN-FELIPE-1-de-38-1140x760.jpg 1140w, https:\/\/vecinosdelinterior.com\/wp-content\/uploads\/2023\/09\/INSTALACION-DE-SAN-LUIS-A-1000-EN-SAN-FELIPE-1-de-38.jpg 1920w\" sizes=\"(max-width: 1024px) 100vw, 1024px\" \/><\/figure>\n\n\n\n<figure class=\"wp-block-image size-large\"><img decoding=\"async\" width=\"1024\" height=\"683\" data-id=\"828\" src=\"https:\/\/vecinosdelinterior.com\/wp-content\/uploads\/2023\/09\/INSTALACION-DE-SAN-LUIS-A-1000-EN-SAN-FELIPE-2-de-38-1024x683.jpg\" alt=\"\" class=\"wp-image-828\" srcset=\"https:\/\/vecinosdelinterior.com\/wp-content\/uploads\/2023\/09\/INSTALACION-DE-SAN-LUIS-A-1000-EN-SAN-FELIPE-2-de-38-1024x683.jpg 1024w, https:\/\/vecinosdelinterior.com\/wp-content\/uploads\/2023\/09\/INSTALACION-DE-SAN-LUIS-A-1000-EN-SAN-FELIPE-2-de-38-300x200.jpg 300w, https:\/\/vecinosdelinterior.com\/wp-content\/uploads\/2023\/09\/INSTALACION-DE-SAN-LUIS-A-1000-EN-SAN-FELIPE-2-de-38-768x512.jpg 768w, https:\/\/vecinosdelinterior.com\/wp-content\/uploads\/2023\/09\/INSTALACION-DE-SAN-LUIS-A-1000-EN-SAN-FELIPE-2-de-38-1536x1024.jpg 1536w, https:\/\/vecinosdelinterior.com\/wp-content\/uploads\/2023\/09\/INSTALACION-DE-SAN-LUIS-A-1000-EN-SAN-FELIPE-2-de-38-750x500.jpg 750w, https:\/\/vecinosdelinterior.com\/wp-content\/uploads\/2023\/09\/INSTALACION-DE-SAN-LUIS-A-1000-EN-SAN-FELIPE-2-de-38-1140x760.jpg 1140w, https:\/\/vecinosdelinterior.com\/wp-content\/uploads\/2023\/09\/INSTALACION-DE-SAN-LUIS-A-1000-EN-SAN-FELIPE-2-de-38.jpg 1920w\" sizes=\"(max-width: 1024px) 100vw, 1024px\" \/><\/figure>\n<\/figure>\n\n\n\n<p>El responsable del \u00e1rea de ingenier\u00eda de la Autopista de la Informaci\u00f3n (AUI), Jonathan Molina, coment\u00f3 que la implementaci\u00f3n de la fibra \u00f3ptica en el Dique San Felipe, la cual tiene como base a la escuela N\u00b0341 \u201cGranadero Juan de la Cruz Molina \u201ces de suma importancia, dado que anteriormente acced\u00edan a internet por una conexi\u00f3n de Radio Enlace. \u201cCon el cambio de tecnolog\u00eda tambi\u00e9n mejorar\u00e1n el resto de las localidades como Renca, San Pablo, Las Aguadas, Las Vertientes y Las Lagunas\u201d, explic\u00f3.<\/p>\n\n\n\n<p>Se\u00f1al\u00f3 que actualmente son 80 las personas que se conectan a trav\u00e9s de una antena de wifi gratuito. \u201cTambi\u00e9n instalaremos una nueva para incluir a los vecinos de los alrededores, como tambi\u00e9n a los de otras localidades\u201d, precis\u00f3 Molina, quien agreg\u00f3 que se hicieron 22 kil\u00f3metros de tendidos de fibra \u00f3ptica.<\/p>\n\n\n\n<p>\u201cPartimos de Tilisarao, que es donde tenemos la base de AUI, para traer la vinculaci\u00f3n ac\u00e1, previamente pasando por Renca y San Pablo. Las iniciativas del Gobierno de San Luis es la de apoyar a trav\u00e9s de infraestructura y tener siempre la inclusi\u00f3n digital para todas las personas de las localidades a las cuales llegamos\u201d, concluy\u00f3.<\/p>\n","protected":false},"excerpt":{"rendered":"<p>Ahora los vecinos de esa localidad y alrededores acceder\u00e1n a internet de alta velocidad. El responsable del \u00e1rea de ingenier\u00eda de la Autopista de la Informaci\u00f3n (AUI), Jonathan Molina, coment\u00f3 que la implementaci\u00f3n de la fibra \u00f3ptica en el Dique San Felipe, la cual tiene como base a la escuela N\u00b0341 \u201cGranadero Juan de la [&hellip;]<\/p>\n","protected":false},"author":1,"featured_media":829,"comment_status":"open","ping_status":"open","sticky":false,"template":"","format":"standard","meta":{"footnotes":""},"categories":[29],"tags":[251,250],"class_list":["post-827","post","type-post","status-publish","format-standard","has-post-thumbnail","hentry","category-chacabuco","tag-autopista-de-la-informacion","tag-dique-san-felipe"],"_links":{"self":[{"href":"https:\/\/vecinosdelinterior.com\/index.php\/wp-json\/wp\/v2\/posts\/827","targetHints":{"allow":["GET"]}}],"collection":[{"href":"https:\/\/vecinosdelinterior.com\/index.php\/wp-json\/wp\/v2\/posts"}],"about":[{"href":"https:\/\/vecinosdelinterior.com\/index.php\/wp-json\/wp\/v2\/types\/post"}],"author":[{"embeddable":true,"href":"https:\/\/vecinosdelinterior.com\/index.php\/wp-json\/wp\/v2\/users\/1"}],"replies":[{"embeddable":true,"href":"https:\/\/vecinosdelinterior.com\/index.php\/wp-json\/wp\/v2\/comments?post=827"}],"version-history":[{"count":1,"href":"https:\/\/vecinosdelinterior.com\/index.php\/wp-json\/wp\/v2\/posts\/827\/revisions"}],"predecessor-version":[{"id":830,"href":"https:\/\/vecinosdelinterior.com\/index.php\/wp-json\/wp\/v2\/posts\/827\/revisions\/830"}],"wp:featuredmedia":[{"embeddable":true,"href":"https:\/\/vecinosdelinterior.com\/index.php\/wp-json\/wp\/v2\/media\/829"}],"wp:attachment":[{"href":"https:\/\/vecinosdelinterior.com\/index.php\/wp-json\/wp\/v2\/media?parent=827"}],"wp:term":[{"taxonomy":"category","embeddable":true,"href":"https:\/\/vecinosdelinterior.com\/index.php\/wp-json\/wp\/v2\/categories?post=827"},{"taxonomy":"post_tag","embeddable":true,"href":"https:\/\/vecinosdelinterior.com\/index.php\/wp-json\/wp\/v2\/tags?post=827"}],"curies":[{"name":"wp","href":"https:\/\/api.w.org\/{rel}","templated":true}]}}