{"id":831,"date":"2023-09-28T18:30:20","date_gmt":"2023-09-28T21:30:20","guid":{"rendered":"https:\/\/vecinosdelinterior.com\/?p=831"},"modified":"2023-09-28T18:30:20","modified_gmt":"2023-09-28T21:30:20","slug":"los-chicos-de-rio-grande-vieron-las-estrellas-con-el-planetario-movil","status":"publish","type":"post","link":"https:\/\/vecinosdelinterior.com\/index.php\/2023\/09\/28\/los-chicos-de-rio-grande-vieron-las-estrellas-con-el-planetario-movil\/","title":{"rendered":"Los chicos de R\u00edo Grande vieron las estrellas con el Planetario M\u00f3vil"},"content":{"rendered":"\n<p>La ULP visit\u00f3 la Escuela N\u00b0 227 \u201cCoronel Pringles\u201d con las iniciativas del Parque Astron\u00f3mico. Estudiantes de los tres niveles disfrutaron de una tarde de ciencia y realidad virtual.<\/p>\n\n\n\n<p>La Secretar\u00eda de Extensi\u00f3n de la Universidad de La Punta visit\u00f3 a la comunidad educativa de la Escuela N\u00b0 227 \u201cCoronel Pringles\u201d de R\u00edo Grande, con las iniciativa \u201cCielos de San Luis\u201d que ofrece el Parque Astron\u00f3mico de La Punta. Los alumnos del nivel inicial, primario y secundario disfrutaron de una funci\u00f3n del planetario m\u00f3vil, observaron el sol con telescopio y jugaron con la realidad virtual.<\/p>\n\n\n\n<figure class=\"wp-block-image size-full\"><img fetchpriority=\"high\" decoding=\"async\" width=\"984\" height=\"682\" src=\"https:\/\/vecinosdelinterior.com\/wp-content\/uploads\/2023\/09\/28-9-2023-18-28-33.jpg\" alt=\"\" class=\"wp-image-832\" srcset=\"https:\/\/vecinosdelinterior.com\/wp-content\/uploads\/2023\/09\/28-9-2023-18-28-33.jpg 984w, https:\/\/vecinosdelinterior.com\/wp-content\/uploads\/2023\/09\/28-9-2023-18-28-33-300x208.jpg 300w, https:\/\/vecinosdelinterior.com\/wp-content\/uploads\/2023\/09\/28-9-2023-18-28-33-768x532.jpg 768w, https:\/\/vecinosdelinterior.com\/wp-content\/uploads\/2023\/09\/28-9-2023-18-28-33-750x520.jpg 750w\" sizes=\"(max-width: 984px) 100vw, 984px\" \/><\/figure>\n\n\n\n<p>\u201cPara los chicos de esta escuela se trata de una visita muy importante ya que es la primera vez que disfrutan de estas actividades. Quedaron sorprendidos, muy entusiasmados y con mucha curiosidad por conocer m\u00e1s de los planetas\u201d, expres\u00f3 la directora del establecimiento, Ana Esther Coria.<\/p>\n\n\n\n<p>La propuesta fue muy bien recibida por las familias, muchas mam\u00e1s acompa\u00f1aron a los m\u00e1s chiquitos y tambi\u00e9n disfrutaron de la exploraci\u00f3n de los astros. Los alumnos expresaron su alegr\u00eda y comentaron las sensaciones que les brind\u00f3 la experiencia.<\/p>\n\n\n\n<p>\u201cVi la Luna, el Sol, Saturno, Neptuno y La Tierra. Es la primera vez que entro a esta carpa y veo todos estos planetas\u201d, indic\u00f3 muy emocionada Zaira Amaya, de 4\u00b0 grado. \u201cMe sent\u00ed como si estuviera en el espacio\u201d, afirm\u00f3 Filipa Amaya, de 1\u00b0. \u201cMe encant\u00f3 el planetario y espero que vuelvan\u201d, a\u00f1adi\u00f3 Lidio Coronel.<\/p>\n\n\n\n<p>La iniciativa \u201cCielo de San Luis\u201d visitar\u00e1 a la Escuela N\u00b0 151 \u201cProvincia de Tierra, del Fuego\u201d del paraje Las Isletas, el pr\u00f3ximo mi\u00e9rcoles 4 de octubre. En esa oportunidad los chicos tambi\u00e9n podr\u00e1n disfrutar del telescopio solar, el planetario y la realidad virtual.<\/p>\n\n\n\n<figure class=\"wp-block-image size-full\"><img decoding=\"async\" width=\"965\" height=\"676\" src=\"https:\/\/vecinosdelinterior.com\/wp-content\/uploads\/2023\/09\/28-9-2023-18-28-14.jpg\" alt=\"\" class=\"wp-image-833\" srcset=\"https:\/\/vecinosdelinterior.com\/wp-content\/uploads\/2023\/09\/28-9-2023-18-28-14.jpg 965w, https:\/\/vecinosdelinterior.com\/wp-content\/uploads\/2023\/09\/28-9-2023-18-28-14-300x210.jpg 300w, https:\/\/vecinosdelinterior.com\/wp-content\/uploads\/2023\/09\/28-9-2023-18-28-14-768x538.jpg 768w, https:\/\/vecinosdelinterior.com\/wp-content\/uploads\/2023\/09\/28-9-2023-18-28-14-750x525.jpg 750w\" sizes=\"(max-width: 965px) 100vw, 965px\" \/><\/figure>\n","protected":false},"excerpt":{"rendered":"<p>La ULP visit\u00f3 la Escuela N\u00b0 227 \u201cCoronel Pringles\u201d con las iniciativas del Parque Astron\u00f3mico. Estudiantes de los tres niveles disfrutaron de una tarde de ciencia y realidad virtual. La Secretar\u00eda de Extensi\u00f3n de la Universidad de La Punta visit\u00f3 a la comunidad educativa de la Escuela N\u00b0 227 \u201cCoronel Pringles\u201d de R\u00edo Grande, con [&hellip;]<\/p>\n","protected":false},"author":1,"featured_media":833,"comment_status":"open","ping_status":"open","sticky":false,"template":"","format":"standard","meta":{"footnotes":""},"categories":[2,199],"tags":[252,198],"class_list":["post-831","post","type-post","status-publish","format-standard","has-post-thumbnail","hentry","category-pringles","category-rio-grande","tag-escuela-n-227-coronel-pringles","tag-rio-grande-2"],"_links":{"self":[{"href":"https:\/\/vecinosdelinterior.com\/index.php\/wp-json\/wp\/v2\/posts\/831","targetHints":{"allow":["GET"]}}],"collection":[{"href":"https:\/\/vecinosdelinterior.com\/index.php\/wp-json\/wp\/v2\/posts"}],"about":[{"href":"https:\/\/vecinosdelinterior.com\/index.php\/wp-json\/wp\/v2\/types\/post"}],"author":[{"embeddable":true,"href":"https:\/\/vecinosdelinterior.com\/index.php\/wp-json\/wp\/v2\/users\/1"}],"replies":[{"embeddable":true,"href":"https:\/\/vecinosdelinterior.com\/index.php\/wp-json\/wp\/v2\/comments?post=831"}],"version-history":[{"count":1,"href":"https:\/\/vecinosdelinterior.com\/index.php\/wp-json\/wp\/v2\/posts\/831\/revisions"}],"predecessor-version":[{"id":834,"href":"https:\/\/vecinosdelinterior.com\/index.php\/wp-json\/wp\/v2\/posts\/831\/revisions\/834"}],"wp:featuredmedia":[{"embeddable":true,"href":"https:\/\/vecinosdelinterior.com\/index.php\/wp-json\/wp\/v2\/media\/833"}],"wp:attachment":[{"href":"https:\/\/vecinosdelinterior.com\/index.php\/wp-json\/wp\/v2\/media?parent=831"}],"wp:term":[{"taxonomy":"category","embeddable":true,"href":"https:\/\/vecinosdelinterior.com\/index.php\/wp-json\/wp\/v2\/categories?post=831"},{"taxonomy":"post_tag","embeddable":true,"href":"https:\/\/vecinosdelinterior.com\/index.php\/wp-json\/wp\/v2\/tags?post=831"}],"curies":[{"name":"wp","href":"https:\/\/api.w.org\/{rel}","templated":true}]}}