{"id":835,"date":"2023-10-02T13:26:47","date_gmt":"2023-10-02T16:26:47","guid":{"rendered":"https:\/\/vecinosdelinterior.com\/?p=835"},"modified":"2023-10-02T13:26:47","modified_gmt":"2023-10-02T16:26:47","slug":"quines-avanza-a-buen-ritmo-la-obra-que-mejorara-la-transitabilidad-de-los-vecinos","status":"publish","type":"post","link":"https:\/\/vecinosdelinterior.com\/index.php\/2023\/10\/02\/quines-avanza-a-buen-ritmo-la-obra-que-mejorara-la-transitabilidad-de-los-vecinos\/","title":{"rendered":"Quines: avanza a buen ritmo la obra que mejorar\u00e1 la transitabilidad de los vecinos"},"content":{"rendered":"\n<p>Impulsado por el Gobierno provincial a trav\u00e9s del Ministerio de Obras P\u00fablicas e Infraestructura, el proyecto contempla 18 cuadras de pavimento de hormig\u00f3n con cord\u00f3n integral en la zona urbana.<\/p>\n\n\n\n<p>Esta mejora en la infraestructura vial garantizar\u00e1 una buena circulaci\u00f3n y seguridad en estos sectores con beneficios para sus habitantes. Alejandro Coria, vecino que transita todos los d\u00edas la zona, coment\u00f3: \u201cEs muy importante el tema del pavimento para nuestro pueblo, ya son varias las cuadras pavimentadas, esto es algo muy bueno\u201d, asegur\u00f3.<\/p>\n\n\n\n<figure class=\"wp-block-gallery has-nested-images columns-default is-cropped wp-block-gallery-1 is-layout-flex wp-block-gallery-is-layout-flex\">\n<figure class=\"wp-block-image size-large\"><img fetchpriority=\"high\" decoding=\"async\" width=\"850\" height=\"567\" data-id=\"836\" src=\"https:\/\/vecinosdelinterior.com\/wp-content\/uploads\/2023\/10\/IMG-20230921-WA00171.jpg\" alt=\"\" class=\"wp-image-836\" srcset=\"https:\/\/vecinosdelinterior.com\/wp-content\/uploads\/2023\/10\/IMG-20230921-WA00171.jpg 850w, https:\/\/vecinosdelinterior.com\/wp-content\/uploads\/2023\/10\/IMG-20230921-WA00171-300x200.jpg 300w, https:\/\/vecinosdelinterior.com\/wp-content\/uploads\/2023\/10\/IMG-20230921-WA00171-768x512.jpg 768w, https:\/\/vecinosdelinterior.com\/wp-content\/uploads\/2023\/10\/IMG-20230921-WA00171-750x500.jpg 750w\" sizes=\"(max-width: 850px) 100vw, 850px\" \/><\/figure>\n\n\n\n<figure class=\"wp-block-image size-large\"><img decoding=\"async\" width=\"1024\" height=\"682\" data-id=\"837\" src=\"https:\/\/vecinosdelinterior.com\/wp-content\/uploads\/2023\/10\/IMG-20230921-WA00131-1024x682.jpg\" alt=\"\" class=\"wp-image-837\" srcset=\"https:\/\/vecinosdelinterior.com\/wp-content\/uploads\/2023\/10\/IMG-20230921-WA00131-1024x682.jpg 1024w, https:\/\/vecinosdelinterior.com\/wp-content\/uploads\/2023\/10\/IMG-20230921-WA00131-300x200.jpg 300w, https:\/\/vecinosdelinterior.com\/wp-content\/uploads\/2023\/10\/IMG-20230921-WA00131-768x512.jpg 768w, https:\/\/vecinosdelinterior.com\/wp-content\/uploads\/2023\/10\/IMG-20230921-WA00131-750x500.jpg 750w, https:\/\/vecinosdelinterior.com\/wp-content\/uploads\/2023\/10\/IMG-20230921-WA00131-1140x760.jpg 1140w, https:\/\/vecinosdelinterior.com\/wp-content\/uploads\/2023\/10\/IMG-20230921-WA00131.jpg 1325w\" sizes=\"(max-width: 1024px) 100vw, 1024px\" \/><\/figure>\n<\/figure>\n\n\n\n<p>Con una inversi\u00f3n de $308.343.835,10 y un plazo de finalizaci\u00f3n de obra de 210 d\u00edas corridos, el pueblo del norte puntano contar\u00e1 con 19.742 m\u00b2 totalmente pavimentados y acondicionados que se suman a las 24 cuadras inauguradas en noviembre del pasado a\u00f1o por el gobernador, Alberto Rodr\u00edguez Sa\u00e1.<\/p>\n\n\n\n<p>Estas mejoras garantizar\u00e1n comodidad y est\u00e9tica a una localidad que se encuentra en constante crecimiento.<\/p>\n","protected":false},"excerpt":{"rendered":"<p>Impulsado por el Gobierno provincial a trav\u00e9s del Ministerio de Obras P\u00fablicas e Infraestructura, el proyecto contempla 18 cuadras de pavimento de hormig\u00f3n con cord\u00f3n integral en la zona urbana. Esta mejora en la infraestructura vial garantizar\u00e1 una buena circulaci\u00f3n y seguridad en estos sectores con beneficios para sus habitantes. Alejandro Coria, vecino que transita [&hellip;]<\/p>\n","protected":false},"author":1,"featured_media":836,"comment_status":"open","ping_status":"open","sticky":false,"template":"","format":"standard","meta":{"footnotes":""},"categories":[8,54],"tags":[253,101],"class_list":["post-835","post","type-post","status-publish","format-standard","has-post-thumbnail","hentry","category-ayacucho","category-quines-ayacucho","tag-pavimentacion","tag-quines"],"_links":{"self":[{"href":"https:\/\/vecinosdelinterior.com\/index.php\/wp-json\/wp\/v2\/posts\/835","targetHints":{"allow":["GET"]}}],"collection":[{"href":"https:\/\/vecinosdelinterior.com\/index.php\/wp-json\/wp\/v2\/posts"}],"about":[{"href":"https:\/\/vecinosdelinterior.com\/index.php\/wp-json\/wp\/v2\/types\/post"}],"author":[{"embeddable":true,"href":"https:\/\/vecinosdelinterior.com\/index.php\/wp-json\/wp\/v2\/users\/1"}],"replies":[{"embeddable":true,"href":"https:\/\/vecinosdelinterior.com\/index.php\/wp-json\/wp\/v2\/comments?post=835"}],"version-history":[{"count":1,"href":"https:\/\/vecinosdelinterior.com\/index.php\/wp-json\/wp\/v2\/posts\/835\/revisions"}],"predecessor-version":[{"id":838,"href":"https:\/\/vecinosdelinterior.com\/index.php\/wp-json\/wp\/v2\/posts\/835\/revisions\/838"}],"wp:featuredmedia":[{"embeddable":true,"href":"https:\/\/vecinosdelinterior.com\/index.php\/wp-json\/wp\/v2\/media\/836"}],"wp:attachment":[{"href":"https:\/\/vecinosdelinterior.com\/index.php\/wp-json\/wp\/v2\/media?parent=835"}],"wp:term":[{"taxonomy":"category","embeddable":true,"href":"https:\/\/vecinosdelinterior.com\/index.php\/wp-json\/wp\/v2\/categories?post=835"},{"taxonomy":"post_tag","embeddable":true,"href":"https:\/\/vecinosdelinterior.com\/index.php\/wp-json\/wp\/v2\/tags?post=835"}],"curies":[{"name":"wp","href":"https:\/\/api.w.org\/{rel}","templated":true}]}}