{"id":839,"date":"2023-10-02T15:43:20","date_gmt":"2023-10-02T18:43:20","guid":{"rendered":"https:\/\/vecinosdelinterior.com\/?p=839"},"modified":"2023-10-02T15:43:20","modified_gmt":"2023-10-02T18:43:20","slug":"los-jovenes-del-departamento-san-martin-disfrutaron-de-los-festejos-por-su-efemeride","status":"publish","type":"post","link":"https:\/\/vecinosdelinterior.com\/index.php\/2023\/10\/02\/los-jovenes-del-departamento-san-martin-disfrutaron-de-los-festejos-por-su-efemeride\/","title":{"rendered":"Los j\u00f3venes del departamento San Mart\u00edn disfrutaron de los festejos por su efem\u00e9ride"},"content":{"rendered":"\n<p>La fiesta se llev\u00f3 a cabo en el Camping R\u00edo Las Chacras, ubicado a 4 kil\u00f3metros aproximadamente de la localidad hom\u00f3nima, en donde a partir de las 15:00 dieron inicio las diferentes actividades propuestas. Las juventudes y familias disfrutaron de un hermoso espect\u00e1culo en vivo con las bandas de \u201cLa khumbao\u201d y \u201cVivencias Musicales\u201d.<\/p>\n\n\n\n<figure class=\"wp-block-gallery has-nested-images columns-default is-cropped wp-block-gallery-1 is-layout-flex wp-block-gallery-is-layout-flex\">\n<figure class=\"wp-block-image size-large\"><img fetchpriority=\"high\" decoding=\"async\" width=\"768\" height=\"512\" data-id=\"841\" src=\"https:\/\/vecinosdelinterior.com\/wp-content\/uploads\/2023\/10\/LOR3850-768x512-1.jpg\" alt=\"\" class=\"wp-image-841\" srcset=\"https:\/\/vecinosdelinterior.com\/wp-content\/uploads\/2023\/10\/LOR3850-768x512-1.jpg 768w, https:\/\/vecinosdelinterior.com\/wp-content\/uploads\/2023\/10\/LOR3850-768x512-1-300x200.jpg 300w, https:\/\/vecinosdelinterior.com\/wp-content\/uploads\/2023\/10\/LOR3850-768x512-1-750x500.jpg 750w\" sizes=\"(max-width: 768px) 100vw, 768px\" \/><\/figure>\n\n\n\n<figure class=\"wp-block-image size-large\"><img decoding=\"async\" width=\"768\" height=\"512\" data-id=\"840\" src=\"https:\/\/vecinosdelinterior.com\/wp-content\/uploads\/2023\/10\/LOR3870-768x512-1.jpg\" alt=\"\" class=\"wp-image-840\" srcset=\"https:\/\/vecinosdelinterior.com\/wp-content\/uploads\/2023\/10\/LOR3870-768x512-1.jpg 768w, https:\/\/vecinosdelinterior.com\/wp-content\/uploads\/2023\/10\/LOR3870-768x512-1-300x200.jpg 300w, https:\/\/vecinosdelinterior.com\/wp-content\/uploads\/2023\/10\/LOR3870-768x512-1-750x500.jpg 750w\" sizes=\"(max-width: 768px) 100vw, 768px\" \/><\/figure>\n\n\n\n<figure class=\"wp-block-image size-large\"><img decoding=\"async\" width=\"768\" height=\"512\" data-id=\"842\" src=\"https:\/\/vecinosdelinterior.com\/wp-content\/uploads\/2023\/10\/LOR3835-768x512-1.jpg\" alt=\"\" class=\"wp-image-842\" srcset=\"https:\/\/vecinosdelinterior.com\/wp-content\/uploads\/2023\/10\/LOR3835-768x512-1.jpg 768w, https:\/\/vecinosdelinterior.com\/wp-content\/uploads\/2023\/10\/LOR3835-768x512-1-300x200.jpg 300w, https:\/\/vecinosdelinterior.com\/wp-content\/uploads\/2023\/10\/LOR3835-768x512-1-750x500.jpg 750w\" sizes=\"(max-width: 768px) 100vw, 768px\" \/><\/figure>\n\n\n\n<figure class=\"wp-block-image size-large\"><img loading=\"lazy\" decoding=\"async\" width=\"768\" height=\"512\" data-id=\"843\" src=\"https:\/\/vecinosdelinterior.com\/wp-content\/uploads\/2023\/10\/LOR3737-768x512-1.jpg\" alt=\"\" class=\"wp-image-843\" srcset=\"https:\/\/vecinosdelinterior.com\/wp-content\/uploads\/2023\/10\/LOR3737-768x512-1.jpg 768w, https:\/\/vecinosdelinterior.com\/wp-content\/uploads\/2023\/10\/LOR3737-768x512-1-300x200.jpg 300w, https:\/\/vecinosdelinterior.com\/wp-content\/uploads\/2023\/10\/LOR3737-768x512-1-750x500.jpg 750w\" sizes=\"(max-width: 768px) 100vw, 768px\" \/><\/figure>\n<\/figure>\n\n\n\n<p>Los estudiantes de los diferentes establecimientos educativos esperaban ansiosos el comienzo de la fiesta, entre mates, bailes y risas se mostraban felices de poder disfrutar de la tarde y participar de las diferentes actividades. Julieta Escudero, estudiante de 3er a\u00f1o del Centro Educativo N\u00b0 18 \u201cC\u00e9sar Rosales\u201d, expres\u00f3 con mucha alegr\u00eda: \u201cEstamos muy felices disfrutando nuestro d\u00eda, es algo muy lindo y venimos con muchas energ\u00edas para aprovechar de cada actividad\u201d.<\/p>\n\n\n\n<p>Asimismo estuvieron presentes las autoridades locales, representantes de la Secretar\u00eda de la Juventudes, familias y vecinos del lugar, todos aprovecharon el d\u00eda festivo para celebrar junto a los estudiantes de la zona.<\/p>\n\n\n\n<p>\u201cEs una fiesta muy esperada por la Secretar\u00eda de las Juventudes; este a\u00f1o se propuso federalizar lo m\u00e1s posible la fiesta del estudiante y no repetir los festejos en las mismas localidades, siempre con la finalidad de que todos los chicos del interior tengan la misma oportunidad de festejo que los de la ciudad\u201d, mencion\u00f3 Emiliano Blanco, secretario de las Juventudes.<\/p>\n","protected":false},"excerpt":{"rendered":"<p>La fiesta se llev\u00f3 a cabo en el Camping R\u00edo Las Chacras, ubicado a 4 kil\u00f3metros aproximadamente de la localidad hom\u00f3nima, en donde a partir de las 15:00 dieron inicio las diferentes actividades propuestas. Las juventudes y familias disfrutaron de un hermoso espect\u00e1culo en vivo con las bandas de \u201cLa khumbao\u201d y \u201cVivencias Musicales\u201d. Los [&hellip;]<\/p>\n","protected":false},"author":1,"featured_media":843,"comment_status":"open","ping_status":"open","sticky":false,"template":"","format":"standard","meta":{"footnotes":""},"categories":[67],"tags":[7,254],"class_list":["post-839","post","type-post","status-publish","format-standard","has-post-thumbnail","hentry","category-san-martin","tag-juventudes","tag-promociones"],"_links":{"self":[{"href":"https:\/\/vecinosdelinterior.com\/index.php\/wp-json\/wp\/v2\/posts\/839","targetHints":{"allow":["GET"]}}],"collection":[{"href":"https:\/\/vecinosdelinterior.com\/index.php\/wp-json\/wp\/v2\/posts"}],"about":[{"href":"https:\/\/vecinosdelinterior.com\/index.php\/wp-json\/wp\/v2\/types\/post"}],"author":[{"embeddable":true,"href":"https:\/\/vecinosdelinterior.com\/index.php\/wp-json\/wp\/v2\/users\/1"}],"replies":[{"embeddable":true,"href":"https:\/\/vecinosdelinterior.com\/index.php\/wp-json\/wp\/v2\/comments?post=839"}],"version-history":[{"count":1,"href":"https:\/\/vecinosdelinterior.com\/index.php\/wp-json\/wp\/v2\/posts\/839\/revisions"}],"predecessor-version":[{"id":844,"href":"https:\/\/vecinosdelinterior.com\/index.php\/wp-json\/wp\/v2\/posts\/839\/revisions\/844"}],"wp:featuredmedia":[{"embeddable":true,"href":"https:\/\/vecinosdelinterior.com\/index.php\/wp-json\/wp\/v2\/media\/843"}],"wp:attachment":[{"href":"https:\/\/vecinosdelinterior.com\/index.php\/wp-json\/wp\/v2\/media?parent=839"}],"wp:term":[{"taxonomy":"category","embeddable":true,"href":"https:\/\/vecinosdelinterior.com\/index.php\/wp-json\/wp\/v2\/categories?post=839"},{"taxonomy":"post_tag","embeddable":true,"href":"https:\/\/vecinosdelinterior.com\/index.php\/wp-json\/wp\/v2\/tags?post=839"}],"curies":[{"name":"wp","href":"https:\/\/api.w.org\/{rel}","templated":true}]}}