{"id":86,"date":"2023-07-11T11:13:43","date_gmt":"2023-07-11T14:13:43","guid":{"rendered":"https:\/\/vecinosdelinterior.com\/?p=86"},"modified":"2023-07-11T11:13:43","modified_gmt":"2023-07-11T14:13:43","slug":"desaguadero-un-camion-con-pedido-de-secuestro-fue-incautado","status":"publish","type":"post","link":"https:\/\/vecinosdelinterior.com\/index.php\/2023\/07\/11\/desaguadero-un-camion-con-pedido-de-secuestro-fue-incautado\/","title":{"rendered":"Desaguadero: un cami\u00f3n con pedido de secuestro fue incautado"},"content":{"rendered":"\n<p><\/p>\n\n\n\n<p>El accionar fue realizado el lunes 10 del corriente por efectivos de la Direcci\u00f3n General de Investigaciones, en el Puesto Lim\u00edtrofe Desaguadero.<\/p>\n\n\n\n<figure class=\"wp-block-image size-full\"><img fetchpriority=\"high\" decoding=\"async\" width=\"640\" height=\"640\" src=\"https:\/\/vecinosdelinterior.com\/wp-content\/uploads\/2023\/07\/WhatsApp-Image-2023-07-11-at-09.50.36.jpeg\" alt=\"\" class=\"wp-image-87\" srcset=\"https:\/\/vecinosdelinterior.com\/wp-content\/uploads\/2023\/07\/WhatsApp-Image-2023-07-11-at-09.50.36.jpeg 640w, https:\/\/vecinosdelinterior.com\/wp-content\/uploads\/2023\/07\/WhatsApp-Image-2023-07-11-at-09.50.36-300x300.jpeg 300w, https:\/\/vecinosdelinterior.com\/wp-content\/uploads\/2023\/07\/WhatsApp-Image-2023-07-11-at-09.50.36-150x150.jpeg 150w, https:\/\/vecinosdelinterior.com\/wp-content\/uploads\/2023\/07\/WhatsApp-Image-2023-07-11-at-09.50.36-160x160.jpeg 160w\" sizes=\"(max-width: 640px) 100vw, 640px\" \/><\/figure>\n\n\n\n<p>Los actuantes fueron alertados que un cami\u00f3n Volvo que circulaba desde Mendoza hacia San Luis ten\u00eda un pedido de secuestro, solicitado por el Juzgado Civil, Comercial y Ambiental N\u00b03 de la ciudad de Villa Mercedes.<\/p>\n\n\n\n<p>En el lugar, realizaron las tareas operativas que dieron como resultado la identificaci\u00f3n del mencionado veh\u00edculo. Era conducido por un hombre oriundo de la Provincia de C\u00f3rdoba.<\/p>\n\n\n\n<p>El cami\u00f3n fue secuestrado y trasladado hacia el Departamento Investigaciones San Luis para continuar las diligencias correspondientes.<\/p>\n","protected":false},"excerpt":{"rendered":"<p>El accionar fue realizado el lunes 10 del corriente por efectivos de la Direcci\u00f3n General de Investigaciones, en el Puesto Lim\u00edtrofe Desaguadero. Los actuantes fueron alertados que un cami\u00f3n Volvo que circulaba desde Mendoza hacia San Luis ten\u00eda un pedido de secuestro, solicitado por el Juzgado Civil, Comercial y Ambiental N\u00b03 de la ciudad de [&hellip;]<\/p>\n","protected":false},"author":1,"featured_media":87,"comment_status":"open","ping_status":"open","sticky":false,"template":"","format":"standard","meta":{"footnotes":""},"categories":[43],"tags":[44],"class_list":["post-86","post","type-post","status-publish","format-standard","has-post-thumbnail","hentry","category-desaguadero","tag-desaguadero"],"_links":{"self":[{"href":"https:\/\/vecinosdelinterior.com\/index.php\/wp-json\/wp\/v2\/posts\/86","targetHints":{"allow":["GET"]}}],"collection":[{"href":"https:\/\/vecinosdelinterior.com\/index.php\/wp-json\/wp\/v2\/posts"}],"about":[{"href":"https:\/\/vecinosdelinterior.com\/index.php\/wp-json\/wp\/v2\/types\/post"}],"author":[{"embeddable":true,"href":"https:\/\/vecinosdelinterior.com\/index.php\/wp-json\/wp\/v2\/users\/1"}],"replies":[{"embeddable":true,"href":"https:\/\/vecinosdelinterior.com\/index.php\/wp-json\/wp\/v2\/comments?post=86"}],"version-history":[{"count":1,"href":"https:\/\/vecinosdelinterior.com\/index.php\/wp-json\/wp\/v2\/posts\/86\/revisions"}],"predecessor-version":[{"id":88,"href":"https:\/\/vecinosdelinterior.com\/index.php\/wp-json\/wp\/v2\/posts\/86\/revisions\/88"}],"wp:featuredmedia":[{"embeddable":true,"href":"https:\/\/vecinosdelinterior.com\/index.php\/wp-json\/wp\/v2\/media\/87"}],"wp:attachment":[{"href":"https:\/\/vecinosdelinterior.com\/index.php\/wp-json\/wp\/v2\/media?parent=86"}],"wp:term":[{"taxonomy":"category","embeddable":true,"href":"https:\/\/vecinosdelinterior.com\/index.php\/wp-json\/wp\/v2\/categories?post=86"},{"taxonomy":"post_tag","embeddable":true,"href":"https:\/\/vecinosdelinterior.com\/index.php\/wp-json\/wp\/v2\/tags?post=86"}],"curies":[{"name":"wp","href":"https:\/\/api.w.org\/{rel}","templated":true}]}}