{"id":860,"date":"2023-10-07T21:20:35","date_gmt":"2023-10-08T00:20:35","guid":{"rendered":"https:\/\/vecinosdelinterior.com\/?p=860"},"modified":"2023-10-07T21:20:35","modified_gmt":"2023-10-08T00:20:35","slug":"quines-la-policia-recupero-elementos-robados","status":"publish","type":"post","link":"https:\/\/vecinosdelinterior.com\/index.php\/2023\/10\/07\/quines-la-policia-recupero-elementos-robados\/","title":{"rendered":"Quines: la Polic\u00eda recuper\u00f3 elementos robados"},"content":{"rendered":"\n<p><\/p>\n\n\n\n<p>Efectivos de la Comisar\u00eda 15\u00b0 Quines, estuvieron a cargo del procedimiento en las \u00faltimas horas.<\/p>\n\n\n\n<p>Los elementos se encontraban en el patio de una vivienda ubicada en la zona de Balneario Piedra Baya de la localidad.<\/p>\n\n\n\n<p>En la requisa se secuestr\u00f3: una sierra sin fin para carnicer\u00eda, una m\u00e1quina picadora de pan y un retrete de porcelana.<\/p>\n\n\n\n<p>\u201cTras realizar tareas investigativas a ra\u00edz de una causa de averiguaci\u00f3n robo, logramos recuperar los elementos que hab\u00edan sido sustra\u00eddos el pasado jueves 5 de octubre de un domicilio de esta localidad\u201d, detallaron los actuantes.<\/p>\n\n\n\n<p>Tom\u00f3 intervenci\u00f3n la Fiscal\u00eda de Instrucci\u00f3n N\u00b01 de la Primera Circunscripci\u00f3n Judicial.<\/p>\n\n\n\n<p>Los elementos fueron trasladados a la citada comisar\u00eda donde se contin\u00faan con las diligencias de rigor.<\/p>\n\n\n\n<p><\/p>\n\n\n\n<figure class=\"wp-block-image size-full\"><img fetchpriority=\"high\" decoding=\"async\" width=\"789\" height=\"807\" src=\"https:\/\/vecinosdelinterior.com\/wp-content\/uploads\/2023\/10\/7-10-2023-21-19-24.jpg\" alt=\"\" class=\"wp-image-861\" srcset=\"https:\/\/vecinosdelinterior.com\/wp-content\/uploads\/2023\/10\/7-10-2023-21-19-24.jpg 789w, https:\/\/vecinosdelinterior.com\/wp-content\/uploads\/2023\/10\/7-10-2023-21-19-24-293x300.jpg 293w, https:\/\/vecinosdelinterior.com\/wp-content\/uploads\/2023\/10\/7-10-2023-21-19-24-768x786.jpg 768w, https:\/\/vecinosdelinterior.com\/wp-content\/uploads\/2023\/10\/7-10-2023-21-19-24-750x767.jpg 750w\" sizes=\"(max-width: 789px) 100vw, 789px\" \/><\/figure>\n","protected":false},"excerpt":{"rendered":"<p>Efectivos de la Comisar\u00eda 15\u00b0 Quines, estuvieron a cargo del procedimiento en las \u00faltimas horas. Los elementos se encontraban en el patio de una vivienda ubicada en la zona de Balneario Piedra Baya de la localidad. En la requisa se secuestr\u00f3: una sierra sin fin para carnicer\u00eda, una m\u00e1quina picadora de pan y un retrete [&hellip;]<\/p>\n","protected":false},"author":1,"featured_media":861,"comment_status":"open","ping_status":"open","sticky":false,"template":"","format":"standard","meta":{"footnotes":""},"categories":[8,54],"tags":[101,60],"class_list":["post-860","post","type-post","status-publish","format-standard","has-post-thumbnail","hentry","category-ayacucho","category-quines-ayacucho","tag-quines","tag-robo"],"_links":{"self":[{"href":"https:\/\/vecinosdelinterior.com\/index.php\/wp-json\/wp\/v2\/posts\/860","targetHints":{"allow":["GET"]}}],"collection":[{"href":"https:\/\/vecinosdelinterior.com\/index.php\/wp-json\/wp\/v2\/posts"}],"about":[{"href":"https:\/\/vecinosdelinterior.com\/index.php\/wp-json\/wp\/v2\/types\/post"}],"author":[{"embeddable":true,"href":"https:\/\/vecinosdelinterior.com\/index.php\/wp-json\/wp\/v2\/users\/1"}],"replies":[{"embeddable":true,"href":"https:\/\/vecinosdelinterior.com\/index.php\/wp-json\/wp\/v2\/comments?post=860"}],"version-history":[{"count":1,"href":"https:\/\/vecinosdelinterior.com\/index.php\/wp-json\/wp\/v2\/posts\/860\/revisions"}],"predecessor-version":[{"id":862,"href":"https:\/\/vecinosdelinterior.com\/index.php\/wp-json\/wp\/v2\/posts\/860\/revisions\/862"}],"wp:featuredmedia":[{"embeddable":true,"href":"https:\/\/vecinosdelinterior.com\/index.php\/wp-json\/wp\/v2\/media\/861"}],"wp:attachment":[{"href":"https:\/\/vecinosdelinterior.com\/index.php\/wp-json\/wp\/v2\/media?parent=860"}],"wp:term":[{"taxonomy":"category","embeddable":true,"href":"https:\/\/vecinosdelinterior.com\/index.php\/wp-json\/wp\/v2\/categories?post=860"},{"taxonomy":"post_tag","embeddable":true,"href":"https:\/\/vecinosdelinterior.com\/index.php\/wp-json\/wp\/v2\/tags?post=860"}],"curies":[{"name":"wp","href":"https:\/\/api.w.org\/{rel}","templated":true}]}}