{"id":863,"date":"2023-10-07T21:35:53","date_gmt":"2023-10-08T00:35:53","guid":{"rendered":"https:\/\/vecinosdelinterior.com\/?p=863"},"modified":"2023-10-07T21:35:53","modified_gmt":"2023-10-08T00:35:53","slug":"continua-la-reposicion-de-ejemplares-caprinos-en-el-interior-de-la-provincia","status":"publish","type":"post","link":"https:\/\/vecinosdelinterior.com\/index.php\/2023\/10\/07\/continua-la-reposicion-de-ejemplares-caprinos-en-el-interior-de-la-provincia\/","title":{"rendered":"Contin\u00faa la reposici\u00f3n de ejemplares caprinos en el interior de la provincia"},"content":{"rendered":"\n<p>Forma parte del \u201cPlan de Mejoramiento Gen\u00e9tico Caprino\u201d, que en esta ocasi\u00f3n alcanz\u00f3 a productores puntanos que habitan en los departamentos Belgrano y Ayacucho.<\/p>\n\n\n\n<p>El Ministerio de Producci\u00f3n, a trav\u00e9s del \u201cPlan de Mejoramiento Gen\u00e9tico Caprino\u201d, avanza en la reposici\u00f3n de chivatos de la raza Boer y Anglo Nubian en el interior de San Luis. La iniciativa tiene como objetivo fundamental proveer a productores puntanos de ejemplares de mejores cualidades gen\u00e9ticas en reemplazo de otros, ofreciendo una soluci\u00f3n al potencial problema de endogamia hacia el interior de las majadas y elevando de esta manera el status sanitario de la provincia.<\/p>\n\n\n\n<p>Fernando Videla, jefe del Programa Campo que impulsa la propuesta, destac\u00f3 que \u201cconocemos la importancia que tiene esta rama de producci\u00f3n en la zona, y es una forma que tenemos para acompa\u00f1ar al productor en los desaf\u00edos que enfrenta a diario\u201d. A su vez, el funcionario destac\u00f3 que los ejemplares entregados \u201cson de excelente calidad\u201d y que la raza Boer \u201ccontiene una alt\u00edsima productividad en materia de carne\u201d.<\/p>\n\n\n\n<figure class=\"wp-block-gallery has-nested-images columns-default is-cropped wp-block-gallery-1 is-layout-flex wp-block-gallery-is-layout-flex\">\n<figure class=\"wp-block-image size-large\"><img fetchpriority=\"high\" decoding=\"async\" width=\"1001\" height=\"695\" data-id=\"865\" src=\"https:\/\/vecinosdelinterior.com\/wp-content\/uploads\/2023\/10\/7-10-2023-21-34-38.jpg\" alt=\"\" class=\"wp-image-865\" srcset=\"https:\/\/vecinosdelinterior.com\/wp-content\/uploads\/2023\/10\/7-10-2023-21-34-38.jpg 1001w, https:\/\/vecinosdelinterior.com\/wp-content\/uploads\/2023\/10\/7-10-2023-21-34-38-300x208.jpg 300w, https:\/\/vecinosdelinterior.com\/wp-content\/uploads\/2023\/10\/7-10-2023-21-34-38-768x533.jpg 768w, https:\/\/vecinosdelinterior.com\/wp-content\/uploads\/2023\/10\/7-10-2023-21-34-38-750x521.jpg 750w\" sizes=\"(max-width: 1001px) 100vw, 1001px\" \/><\/figure>\n\n\n\n<figure class=\"wp-block-image size-large\"><img decoding=\"async\" width=\"981\" height=\"695\" data-id=\"864\" src=\"https:\/\/vecinosdelinterior.com\/wp-content\/uploads\/2023\/10\/7-10-2023-21-34-25.jpg\" alt=\"\" class=\"wp-image-864\" srcset=\"https:\/\/vecinosdelinterior.com\/wp-content\/uploads\/2023\/10\/7-10-2023-21-34-25.jpg 981w, https:\/\/vecinosdelinterior.com\/wp-content\/uploads\/2023\/10\/7-10-2023-21-34-25-300x213.jpg 300w, https:\/\/vecinosdelinterior.com\/wp-content\/uploads\/2023\/10\/7-10-2023-21-34-25-768x544.jpg 768w, https:\/\/vecinosdelinterior.com\/wp-content\/uploads\/2023\/10\/7-10-2023-21-34-25-120x86.jpg 120w, https:\/\/vecinosdelinterior.com\/wp-content\/uploads\/2023\/10\/7-10-2023-21-34-25-750x531.jpg 750w\" sizes=\"(max-width: 981px) 100vw, 981px\" \/><\/figure>\n<\/figure>\n\n\n\n<p>La intendenta de Villa de la Quebrada, Rosa Calder\u00f3n, estuvo presente en el acto de entrega de los chivatos en el pueblo, y subray\u00f3: \u201cEstamos muy contentos, somos de una zona que trabaja mucho con la leche de cabra, este es un producto que nos identifica. Son animales excelentes, de primera l\u00ednea de gen\u00e9tica\u201d.<\/p>\n\n\n\n<p>El plan comenz\u00f3 con sus primeros intercambios de chivos en las localidades de Candelaria y Villa de la Quebrada, contemplando tambi\u00e9n a productores de zonas aleda\u00f1as. Durante las pr\u00f3ximas semanas, la iniciativa alcanzar\u00e1 las regiones de El Trapiche, Rio Grande, La Calera y otros territorios de San Luis.<\/p>\n\n\n\n<p>\u201cEn total, estamos encaminados a entregar m\u00e1s de 80 animales en distintos puntos de la provincia, apuntamos fundamentalmente a productores caprinos con desarrollo en actividad de carne o leche\u201d, resalt\u00f3 Juan Pablo Rey, jefe del \u00e1rea Calidad de Vida Rural, quien adem\u00e1s explic\u00f3 que cada ejemplar que se distribuye proviene del m\u00f3dulo gen\u00e9tico de Sol Puntano.<\/p>\n","protected":false},"excerpt":{"rendered":"<p>Forma parte del \u201cPlan de Mejoramiento Gen\u00e9tico Caprino\u201d, que en esta ocasi\u00f3n alcanz\u00f3 a productores puntanos que habitan en los departamentos Belgrano y Ayacucho. El Ministerio de Producci\u00f3n, a trav\u00e9s del \u201cPlan de Mejoramiento Gen\u00e9tico Caprino\u201d, avanza en la reposici\u00f3n de chivatos de la raza Boer y Anglo Nubian en el interior de San Luis. [&hellip;]<\/p>\n","protected":false},"author":1,"featured_media":865,"comment_status":"open","ping_status":"open","sticky":false,"template":"","format":"standard","meta":{"footnotes":""},"categories":[8,92,93],"tags":[260,210],"class_list":["post-863","post","type-post","status-publish","format-standard","has-post-thumbnail","hentry","category-ayacucho","category-belgrano","category-villa-de-la-quebrada","tag-caprinos","tag-villa-de-la-quebrada"],"_links":{"self":[{"href":"https:\/\/vecinosdelinterior.com\/index.php\/wp-json\/wp\/v2\/posts\/863","targetHints":{"allow":["GET"]}}],"collection":[{"href":"https:\/\/vecinosdelinterior.com\/index.php\/wp-json\/wp\/v2\/posts"}],"about":[{"href":"https:\/\/vecinosdelinterior.com\/index.php\/wp-json\/wp\/v2\/types\/post"}],"author":[{"embeddable":true,"href":"https:\/\/vecinosdelinterior.com\/index.php\/wp-json\/wp\/v2\/users\/1"}],"replies":[{"embeddable":true,"href":"https:\/\/vecinosdelinterior.com\/index.php\/wp-json\/wp\/v2\/comments?post=863"}],"version-history":[{"count":1,"href":"https:\/\/vecinosdelinterior.com\/index.php\/wp-json\/wp\/v2\/posts\/863\/revisions"}],"predecessor-version":[{"id":866,"href":"https:\/\/vecinosdelinterior.com\/index.php\/wp-json\/wp\/v2\/posts\/863\/revisions\/866"}],"wp:featuredmedia":[{"embeddable":true,"href":"https:\/\/vecinosdelinterior.com\/index.php\/wp-json\/wp\/v2\/media\/865"}],"wp:attachment":[{"href":"https:\/\/vecinosdelinterior.com\/index.php\/wp-json\/wp\/v2\/media?parent=863"}],"wp:term":[{"taxonomy":"category","embeddable":true,"href":"https:\/\/vecinosdelinterior.com\/index.php\/wp-json\/wp\/v2\/categories?post=863"},{"taxonomy":"post_tag","embeddable":true,"href":"https:\/\/vecinosdelinterior.com\/index.php\/wp-json\/wp\/v2\/tags?post=863"}],"curies":[{"name":"wp","href":"https:\/\/api.w.org\/{rel}","templated":true}]}}