{"id":867,"date":"2023-10-07T21:39:10","date_gmt":"2023-10-08T00:39:10","guid":{"rendered":"https:\/\/vecinosdelinterior.com\/?p=867"},"modified":"2023-10-07T21:39:11","modified_gmt":"2023-10-08T00:39:11","slug":"con-un-exitoso-operativo-los-jardines-de-infantes-recibieron-atencion-odontopediatrica-en-la-toma","status":"publish","type":"post","link":"https:\/\/vecinosdelinterior.com\/index.php\/2023\/10\/07\/con-un-exitoso-operativo-los-jardines-de-infantes-recibieron-atencion-odontopediatrica-en-la-toma\/","title":{"rendered":"Con un exitoso operativo, los jardines de infantes recibieron atenci\u00f3n odontopedi\u00e1trica en La Toma"},"content":{"rendered":"\n<p>El programa tiene como objetivo promover entornos de aprendizaje saludables, seguros e inclusivos. A trav\u00e9s de una red de alianzas entre los ministerios de Salud y Educaci\u00f3n, las familias adquirieron informaci\u00f3n sobre h\u00e1bitos saludables, alimentaci\u00f3n sana e higiene de la boca y los dientes.<\/p>\n\n\n\n<p>En el Hospital de La Toma \u201cDr. Osvaldo Ledesma\u201d se llevaron a cabo acciones coordinadas con los jardines de infantes locales. All\u00ed, los profesionales brindaron reportes vinculados a la salud odontol\u00f3gica integral de ni\u00f1as y ni\u00f1os, datos sobre la t\u00e9cnica de cepillado, revisi\u00f3n para determinar la necesidad o no de un tratamiento en cada caso y la entrega de kits de higiene bucodental.<\/p>\n\n\n\n<figure class=\"wp-block-gallery has-nested-images columns-default is-cropped wp-block-gallery-1 is-layout-flex wp-block-gallery-is-layout-flex\">\n<figure class=\"wp-block-image size-large\"><img fetchpriority=\"high\" decoding=\"async\" width=\"1024\" height=\"683\" data-id=\"870\" src=\"https:\/\/vecinosdelinterior.com\/wp-content\/uploads\/2023\/10\/DSC_2638-1024x683.jpg\" alt=\"\" class=\"wp-image-870\" srcset=\"https:\/\/vecinosdelinterior.com\/wp-content\/uploads\/2023\/10\/DSC_2638-1024x683.jpg 1024w, https:\/\/vecinosdelinterior.com\/wp-content\/uploads\/2023\/10\/DSC_2638-300x200.jpg 300w, https:\/\/vecinosdelinterior.com\/wp-content\/uploads\/2023\/10\/DSC_2638-768x512.jpg 768w, https:\/\/vecinosdelinterior.com\/wp-content\/uploads\/2023\/10\/DSC_2638-1536x1024.jpg 1536w, https:\/\/vecinosdelinterior.com\/wp-content\/uploads\/2023\/10\/DSC_2638-750x500.jpg 750w, https:\/\/vecinosdelinterior.com\/wp-content\/uploads\/2023\/10\/DSC_2638-1140x760.jpg 1140w, https:\/\/vecinosdelinterior.com\/wp-content\/uploads\/2023\/10\/DSC_2638.jpg 1620w\" sizes=\"(max-width: 1024px) 100vw, 1024px\" \/><\/figure>\n\n\n\n<figure class=\"wp-block-image size-large\"><img decoding=\"async\" width=\"1024\" height=\"683\" data-id=\"869\" src=\"https:\/\/vecinosdelinterior.com\/wp-content\/uploads\/2023\/10\/DSC_2630-1024x683.jpg\" alt=\"\" class=\"wp-image-869\" srcset=\"https:\/\/vecinosdelinterior.com\/wp-content\/uploads\/2023\/10\/DSC_2630-1024x683.jpg 1024w, https:\/\/vecinosdelinterior.com\/wp-content\/uploads\/2023\/10\/DSC_2630-300x200.jpg 300w, https:\/\/vecinosdelinterior.com\/wp-content\/uploads\/2023\/10\/DSC_2630-768x512.jpg 768w, https:\/\/vecinosdelinterior.com\/wp-content\/uploads\/2023\/10\/DSC_2630-1536x1024.jpg 1536w, https:\/\/vecinosdelinterior.com\/wp-content\/uploads\/2023\/10\/DSC_2630-750x500.jpg 750w, https:\/\/vecinosdelinterior.com\/wp-content\/uploads\/2023\/10\/DSC_2630-1140x760.jpg 1140w, https:\/\/vecinosdelinterior.com\/wp-content\/uploads\/2023\/10\/DSC_2630.jpg 1620w\" sizes=\"(max-width: 1024px) 100vw, 1024px\" \/><\/figure>\n\n\n\n<figure class=\"wp-block-image size-large\"><img decoding=\"async\" width=\"1024\" height=\"683\" data-id=\"871\" src=\"https:\/\/vecinosdelinterior.com\/wp-content\/uploads\/2023\/10\/DSC_2627-1024x683.jpg\" alt=\"\" class=\"wp-image-871\" srcset=\"https:\/\/vecinosdelinterior.com\/wp-content\/uploads\/2023\/10\/DSC_2627-1024x683.jpg 1024w, https:\/\/vecinosdelinterior.com\/wp-content\/uploads\/2023\/10\/DSC_2627-300x200.jpg 300w, https:\/\/vecinosdelinterior.com\/wp-content\/uploads\/2023\/10\/DSC_2627-768x512.jpg 768w, https:\/\/vecinosdelinterior.com\/wp-content\/uploads\/2023\/10\/DSC_2627-1536x1024.jpg 1536w, https:\/\/vecinosdelinterior.com\/wp-content\/uploads\/2023\/10\/DSC_2627-750x500.jpg 750w, https:\/\/vecinosdelinterior.com\/wp-content\/uploads\/2023\/10\/DSC_2627-1140x760.jpg 1140w, https:\/\/vecinosdelinterior.com\/wp-content\/uploads\/2023\/10\/DSC_2627.jpg 1620w\" sizes=\"(max-width: 1024px) 100vw, 1024px\" \/><\/figure>\n\n\n\n<figure class=\"wp-block-image size-large\"><img loading=\"lazy\" decoding=\"async\" width=\"1024\" height=\"829\" data-id=\"868\" src=\"https:\/\/vecinosdelinterior.com\/wp-content\/uploads\/2023\/10\/WhatsApp-Image-2023-10-06-at-10.35.41-AM-1024x829.jpeg\" alt=\"\" class=\"wp-image-868\" srcset=\"https:\/\/vecinosdelinterior.com\/wp-content\/uploads\/2023\/10\/WhatsApp-Image-2023-10-06-at-10.35.41-AM-1024x829.jpeg 1024w, https:\/\/vecinosdelinterior.com\/wp-content\/uploads\/2023\/10\/WhatsApp-Image-2023-10-06-at-10.35.41-AM-300x243.jpeg 300w, https:\/\/vecinosdelinterior.com\/wp-content\/uploads\/2023\/10\/WhatsApp-Image-2023-10-06-at-10.35.41-AM-768x621.jpeg 768w, https:\/\/vecinosdelinterior.com\/wp-content\/uploads\/2023\/10\/WhatsApp-Image-2023-10-06-at-10.35.41-AM-750x607.jpeg 750w, https:\/\/vecinosdelinterior.com\/wp-content\/uploads\/2023\/10\/WhatsApp-Image-2023-10-06-at-10.35.41-AM-1140x922.jpeg 1140w, https:\/\/vecinosdelinterior.com\/wp-content\/uploads\/2023\/10\/WhatsApp-Image-2023-10-06-at-10.35.41-AM.jpeg 1299w\" sizes=\"(max-width: 1024px) 100vw, 1024px\" \/><\/figure>\n<\/figure>\n\n\n\n<p>En ese marco, se convoc\u00f3 a los tutores a participar de las actividades para fortalecer dichas pr\u00e1cticas que refuercen las costumbres saludables en alumnas y alumnos del nivel inicial. \u201cQuiero destacar el rol de lo p\u00fablico en salud y educaci\u00f3n para hacer viables estas iniciativas. Estoy feliz por mis 23 a\u00f1os de labor en el \u00e1rea y nos llena de satisfacci\u00f3n que todos tengan acceso a la salud sin ning\u00fan tipo de distinci\u00f3n. Mediante los operativos generamos un nexo comunitario fundamental, a su vez la detecci\u00f3n temprana de enfermedades bucales es clave en muchos aspectos vinculados al desarrollo de los ni\u00f1os y ni\u00f1as\u201d, destac\u00f3 el doctor Marcelo Soler.<\/p>\n\n\n\n<p>La odont\u00f3loga Samira Sagripanti acompa\u00f1ada por la instrumentista Micaela Sosa, precis\u00f3: \u201cLogramos materializar una idea fant\u00e1stica con el aporte de los jardines y el hospital. Esto quiere decir que las carteras ministeriales abren toda posibilidad de trabajar conjuntamente en la implementaci\u00f3n de diversas campa\u00f1as, lo que nos permite generar una toma de conciencia en cada una de las familias sobre la importancia de los controles y el cuidado bucodental\u201d.<\/p>\n\n\n\n<p>Cabe destacar que la ejecuci\u00f3n de este tipo de programas consiste en un aporte espec\u00edfico del Estado al propiciar todas las herramientas como una respuesta favorable a los desaf\u00edos que les requiere el cuidado y la promoci\u00f3n de la salud. \u201cEsta actividad est\u00e1 pensada a partir de un trabajo conjunto en el que las familias respondieron de manera muy positiva. Por otro lado, si queremos volcarnos a las estad\u00edsticas ya superamos ampliamente nuestro objetivo que inicialmente fue llegar a la totalidad de las salas en cada establecimiento\u201d, concluy\u00f3 Marcela Bracamonte quien junto a su compa\u00f1era Cristina Sosa integraron el equipo de agentes sanitarios en dicho operativo.<\/p>\n\n\n\n<p>Los resultados obtenidos a lo largo de estos meses se\u00f1alan la relevancia de las intervenciones l\u00fadico-expresivas e invitan a la reflexi\u00f3n sobre la importancia de generar espacios para la promoci\u00f3n de la salud. Por lo tanto, el cuidado hacia uno mismo y hacia el otro surge desde una acci\u00f3n posible de construir cotidianamente en las relaciones que acompa\u00f1an al crecimiento: familias, escuelas, docentes, profesionales de la salud, ministerios y el Gobierno provincial.<\/p>\n","protected":false},"excerpt":{"rendered":"<p>El programa tiene como objetivo promover entornos de aprendizaje saludables, seguros e inclusivos. A trav\u00e9s de una red de alianzas entre los ministerios de Salud y Educaci\u00f3n, las familias adquirieron informaci\u00f3n sobre h\u00e1bitos saludables, alimentaci\u00f3n sana e higiene de la boca y los dientes. En el Hospital de La Toma \u201cDr. Osvaldo Ledesma\u201d se llevaron [&hellip;]<\/p>\n","protected":false},"author":1,"featured_media":868,"comment_status":"open","ping_status":"open","sticky":false,"template":"","format":"standard","meta":{"footnotes":""},"categories":[3,2],"tags":[6,261],"class_list":["post-867","post","type-post","status-publish","format-standard","has-post-thumbnail","hentry","category-la-toma","category-pringles","tag-la-toma","tag-operativo-de-salud"],"_links":{"self":[{"href":"https:\/\/vecinosdelinterior.com\/index.php\/wp-json\/wp\/v2\/posts\/867","targetHints":{"allow":["GET"]}}],"collection":[{"href":"https:\/\/vecinosdelinterior.com\/index.php\/wp-json\/wp\/v2\/posts"}],"about":[{"href":"https:\/\/vecinosdelinterior.com\/index.php\/wp-json\/wp\/v2\/types\/post"}],"author":[{"embeddable":true,"href":"https:\/\/vecinosdelinterior.com\/index.php\/wp-json\/wp\/v2\/users\/1"}],"replies":[{"embeddable":true,"href":"https:\/\/vecinosdelinterior.com\/index.php\/wp-json\/wp\/v2\/comments?post=867"}],"version-history":[{"count":1,"href":"https:\/\/vecinosdelinterior.com\/index.php\/wp-json\/wp\/v2\/posts\/867\/revisions"}],"predecessor-version":[{"id":872,"href":"https:\/\/vecinosdelinterior.com\/index.php\/wp-json\/wp\/v2\/posts\/867\/revisions\/872"}],"wp:featuredmedia":[{"embeddable":true,"href":"https:\/\/vecinosdelinterior.com\/index.php\/wp-json\/wp\/v2\/media\/868"}],"wp:attachment":[{"href":"https:\/\/vecinosdelinterior.com\/index.php\/wp-json\/wp\/v2\/media?parent=867"}],"wp:term":[{"taxonomy":"category","embeddable":true,"href":"https:\/\/vecinosdelinterior.com\/index.php\/wp-json\/wp\/v2\/categories?post=867"},{"taxonomy":"post_tag","embeddable":true,"href":"https:\/\/vecinosdelinterior.com\/index.php\/wp-json\/wp\/v2\/tags?post=867"}],"curies":[{"name":"wp","href":"https:\/\/api.w.org\/{rel}","templated":true}]}}