{"id":874,"date":"2023-10-09T19:23:27","date_gmt":"2023-10-09T22:23:27","guid":{"rendered":"https:\/\/vecinosdelinterior.com\/?p=874"},"modified":"2023-10-09T19:23:28","modified_gmt":"2023-10-09T22:23:28","slug":"paso-grande-condenan-a-11-anos-de-carcel-a-un-hombre-que-violo-a-su-sobrina-menor-de-edad","status":"publish","type":"post","link":"https:\/\/vecinosdelinterior.com\/index.php\/2023\/10\/09\/paso-grande-condenan-a-11-anos-de-carcel-a-un-hombre-que-violo-a-su-sobrina-menor-de-edad\/","title":{"rendered":"Paso Grande: condenan a 11 a\u00f1os de c\u00e1rcel a un hombre que viol\u00f3 a su sobrina menor de edad"},"content":{"rendered":"\n<p>Un hombre de 65 a\u00f1os fue condenado a 11 a\u00f1os de c\u00e1rcel por violar a su sobrina de edad. El hecho ocurri\u00f3 en agosto del 2017 en la localidad de Paso Grande, departamento San Mart\u00edn.<\/p>\n\n\n\n<p>La v\u00edctima, de 14 a\u00f1os, es hija del hermano del agresor. La denuncia fue radicada por la madre de la adolescente tiempo despu\u00e9s, cuando la chica se anim\u00f3 a contarle a una t\u00eda lo que hab\u00eda ocurrido.<\/p>\n\n\n\n<p><\/p>\n\n\n\n<p>La Sala Penal de la C\u00e1mara de Apelaciones de la tercera circunscripci\u00f3n desarroll\u00f3 el debate oral este lunes. El primer testimonio de la jornada fue el de la mam\u00e1 de la v\u00edctima, quien refiri\u00f3 que su hija intent\u00f3 quitarse la vida despu\u00e9s de lo sucedido y que debi\u00f3 realizar tratamiento psicol\u00f3gico para abordar el trauma sufrido.<\/p>\n\n\n\n<p>Luego, se exhibi\u00f3 el video de C\u00e1mara Gesell, donde la adolescente ofreci\u00f3 detalles de c\u00f3mo se produjo el abuso. Al respecto, la psic\u00f3loga que realiz\u00f3 la entrevista manifest\u00f3 que el relato de la menor fue claro y espont\u00e1neo, y que no observ\u00f3 indicadores que pusieran en duda la verosimilitud del mismo.<\/p>\n\n\n\n<p>En tanto, las profesionales que efectuaron la pericia psicol\u00f3gico-psiqui\u00e1trica al acusado, se\u00f1alaron que estaba ubicado en tiempo y espacio, y que no presentaba limitaci\u00f3n alguna para comprender la norma y dirigir sus acciones.<\/p>\n\n\n\n<p>Por \u00faltimo, la m\u00e9dica pediatra que practic\u00f3 el examen ginecol\u00f3gico a la menor, inform\u00f3 que la adolescente ten\u00eda el himen desflorado al momento de la revisi\u00f3n ginecol\u00f3gica.<\/p>\n\n\n\n<p>Cerrada la etapa de prueba, el Fiscal Mario N\u00e9stor Zudaire, solicit\u00f3 al tribunal una pena de 13 a\u00f1os de prisi\u00f3n para el acusado por considerarlo autor material del delito de abuso sexual con acceso carnal, agravado por causar un grave da\u00f1o en la salud psicof\u00edsica de la v\u00edctima.<\/p>\n\n\n\n<p>El acusado fue representado por el Defensor Oficial en lo Penal, Jos\u00e9 Luis Gui\u00f1az\u00fa, quien se opuso a la acusaci\u00f3n del Ministerio Fiscal, aduciendo que no era posible acreditar la ocurrencia del hecho, ni tampoco el agravante respecto del grave da\u00f1o en la salud ps\u00edquica de la presunta damnificada.<\/p>\n\n\n\n<p>En consonancia, su defendido desminti\u00f3 el relato de la v\u00edctima, asegur\u00f3 que se trat\u00f3 de una falsa denuncia, que nunca toc\u00f3 a su sobrina y que no era capaz de cometer \u201csemejante barbaridad\u201d.<\/p>\n\n\n\n<p>Tras un cuarto intermedio, el tribunal integrado por Gustavo Daniel Sanchi\u00f1o, Mar\u00eda Claudia Uccello y Sandra Elizabeth Piguillem, resolvi\u00f3 por unanimidad declarar al reo culpable como autor material y penalmente responsable del delito de abuso sexual con acceso carnal, agravado por el grave da\u00f1o a la salud psicof\u00edsica de la v\u00edctima, conden\u00e1ndolo a sufrir la pena de 11 a\u00f1os de prisi\u00f3n. Fue trasladado al Servicio Penitenciario Provincial.<\/p>\n","protected":false},"excerpt":{"rendered":"<p>Un hombre de 65 a\u00f1os fue condenado a 11 a\u00f1os de c\u00e1rcel por violar a su sobrina de edad. El hecho ocurri\u00f3 en agosto del 2017 en la localidad de Paso Grande, departamento San Mart\u00edn. La v\u00edctima, de 14 a\u00f1os, es hija del hermano del agresor. La denuncia fue radicada por la madre de la [&hellip;]<\/p>\n","protected":false},"author":1,"featured_media":875,"comment_status":"open","ping_status":"open","sticky":false,"template":"","format":"standard","meta":{"footnotes":""},"categories":[1],"tags":[262],"class_list":["post-874","post","type-post","status-publish","format-standard","has-post-thumbnail","hentry","category-blog","tag-paso-grande"],"_links":{"self":[{"href":"https:\/\/vecinosdelinterior.com\/index.php\/wp-json\/wp\/v2\/posts\/874","targetHints":{"allow":["GET"]}}],"collection":[{"href":"https:\/\/vecinosdelinterior.com\/index.php\/wp-json\/wp\/v2\/posts"}],"about":[{"href":"https:\/\/vecinosdelinterior.com\/index.php\/wp-json\/wp\/v2\/types\/post"}],"author":[{"embeddable":true,"href":"https:\/\/vecinosdelinterior.com\/index.php\/wp-json\/wp\/v2\/users\/1"}],"replies":[{"embeddable":true,"href":"https:\/\/vecinosdelinterior.com\/index.php\/wp-json\/wp\/v2\/comments?post=874"}],"version-history":[{"count":1,"href":"https:\/\/vecinosdelinterior.com\/index.php\/wp-json\/wp\/v2\/posts\/874\/revisions"}],"predecessor-version":[{"id":876,"href":"https:\/\/vecinosdelinterior.com\/index.php\/wp-json\/wp\/v2\/posts\/874\/revisions\/876"}],"wp:featuredmedia":[{"embeddable":true,"href":"https:\/\/vecinosdelinterior.com\/index.php\/wp-json\/wp\/v2\/media\/875"}],"wp:attachment":[{"href":"https:\/\/vecinosdelinterior.com\/index.php\/wp-json\/wp\/v2\/media?parent=874"}],"wp:term":[{"taxonomy":"category","embeddable":true,"href":"https:\/\/vecinosdelinterior.com\/index.php\/wp-json\/wp\/v2\/categories?post=874"},{"taxonomy":"post_tag","embeddable":true,"href":"https:\/\/vecinosdelinterior.com\/index.php\/wp-json\/wp\/v2\/tags?post=874"}],"curies":[{"name":"wp","href":"https:\/\/api.w.org\/{rel}","templated":true}]}}