{"id":880,"date":"2023-10-12T21:13:14","date_gmt":"2023-10-13T00:13:14","guid":{"rendered":"https:\/\/vecinosdelinterior.com\/?p=880"},"modified":"2023-10-12T21:13:15","modified_gmt":"2023-10-13T00:13:15","slug":"llega-el-2o-festival-de-cine-fantastico-y-de-terror-a-merlo","status":"publish","type":"post","link":"https:\/\/vecinosdelinterior.com\/index.php\/2023\/10\/12\/llega-el-2o-festival-de-cine-fantastico-y-de-terror-a-merlo\/","title":{"rendered":"Llega el 2\u00ba Festival de Cine Fant\u00e1stico y de Terror a Merlo"},"content":{"rendered":"\n<p>En esta segunda edici\u00f3n de \u201cMerlo Sangriento\u201d que se realizar\u00e1 del 13 al 15 de octubre en la Casa del Poeta, se har\u00e1n proyecciones de largometrajes, concurso de cortometrajes, cuentos y una muestra de arte colectiva. Adem\u00e1s, se realizar\u00e1n charlas sobre diferentes tem\u00e1ticas. La invitaci\u00f3n es abierta a la comunidad y la entrada es libre y gratuita.<\/p>\n\n\n\n<p>Paola Gayol, quien junto a Juan Ort\u00edz, Bel\u00e9n Wilchen, Luciano Mezher, Ezequiel Ag\u00fcero, Hi Olgu\u00edn y Marcelo G\u00f3mez, integra la organizaci\u00f3n del evento, detall\u00f3: \u201cEl Festival de Cine \u2018Merlo Sangriento\u2019 es el primero en celebrar el cine de terror, ciencia ficci\u00f3n y fantas\u00eda en la localidad y naci\u00f3 con la necesidad de fomentar este g\u00e9nero en la Argentina\u201d.<\/p>\n\n\n\n<p>Durante este encuentro se destinar\u00e1 un espacio para stands de venta con comida. Adem\u00e1s, se realizar\u00e1 un concurso de Cosplay, juegos de rol, de mesa, videojuegos retro y realidad virtual. Asimismo, habr\u00e1 charlas a cargo de los invitados sobre su experiencia en la industria cinematogr\u00e1fica.<\/p>\n\n\n\n<p>El cierre de esta segunda edici\u00f3n que cuenta con el apoyo y el auspicio del Instituto Nacional de Cine y Artes Audiovisuales (INCAA) y la Secretar\u00eda de Turismo de San Luis, en conjunto con varios auspiciantes privados, se realizar\u00e1 el domingo 15 de octubre, a las 21:00, con la entrega de premios.<\/p>\n\n\n\n<p>Grilla de programaci\u00f3n:<\/p>\n\n\n\n<p>Viernes 13 de Octubre<\/p>\n\n\n\n<p>A las 16:00 comenzar\u00e1 el inicio de actividades y a las 17:30 se realizar\u00e1 la charla de Carlos Vera Da Souza, de Argentores, sobre registro de obras (Derecho de Autor). A las 19:00 iniciar\u00e1 la proyecci\u00f3n de Cortos Latinoamericanos Programa 1: \u201cCarga Animal\u201d, de Iv\u00e1n Bustinduy; \u201cAhogar el nombre\u201d, de Ver\u00f3nica Albornoz, Muriel Sago y Florencia Silva; \u201cKatrinas\u201d, de Le\u00f3n Land\u00e1zuri.<\/p>\n\n\n\n<p>\u201cLos invitados\u201d, de Franco Maldonado y Alan Ag\u00fcero; \u201cTeatro de las Bestias\u201d, de Florencia Cofone; \u201cREM\u201d, de Fabi\u00e1n Soto; \u201cVolver volver volver\u201d, de Norberto Morrone, Rocio Selan y Santiago Vilouta. A las 20:00, se realizar\u00e1 la apertura oficial con Banda Musical Invitada: \u201cCatarsis\u201d. A las 22:00, ser\u00e1 la proyecci\u00f3n del largometraje \u201cSangre Vurdalak\u201d, de Santiago Fern\u00e1ndez Calvete.<\/p>\n\n\n\n<p>S\u00e1bado 14 de Octubre<\/p>\n\n\n\n<p>A las 16:00 se iniciar\u00e1n las actividades y a las 17:00 Valentina Lell\u00edn brindar\u00e1 la charla sobre Producci\u00f3n y el Festival Terror C\u00f3rdoba. A las 18:00 Proyecci\u00f3n Muestra Invitada: Terror C\u00f3rdoba. A las 20:00 iniciar\u00e1 la proyecci\u00f3n de Cortos Latinoamericanos Programa 2: \u201cLos de al lado\u201d de Mat\u00edas De Leis Correa; \u201cWalkman cuarto tipo\u201d de Joaqu\u00edn Ram\u00edrez; \u201cVida y la torta de chocolate\u201d de Rodrigo Elizalde; \u201cCNX\u201d de Bernardo Alejandro Lorenzo; \u201cFacundo\u201d de Yamil Chadad; \u201cSombras\u201d de Julia Papa y Olivia Cogorno. A las 22:00 se proyectar\u00e1 el largometraje \u201cEl Ucumar\u201d, de Octavio Revol Molina (con la presencia de su director)<\/p>\n\n\n\n<p>Domingo 15 de Octubre<\/p>\n\n\n\n<p>A las 16:00 comienzan las actividades y a las 17:30 Ornella Barra brindar\u00e1 la charla sobre producci\u00f3n y realizaci\u00f3n de efectos especiales. A las 18:30 iniciar\u00e1 la proyecci\u00f3n de Cortos Latinoamericanos Programa 3: \u201cEl ojo del capit\u00e1n\u201d, de Llao Lautaro Navarra; \u201cEn las paredes\u201d, de Rams\u00e9s Tuzzio; \u201cSacrificio\u201d, de Aldo Enrique Apango Ortiz; \u201cLos otros\u201d, de Juan Cruz Oruezabala; \u201cVIAS\u201d, de Pablo Agust\u00edn Richards; \u201cPeque\u00f1o monstruo\u201d, de Mar\u00eda Laura Guerineau; \u201cMiasma\u201d, de Ail\u00edn Barco Moyano y Julieta Luc\u00eda Alaniz. A las 20:00, Octavio Revol Molina brindar\u00e1 la charla sobre direcci\u00f3n de cine de g\u00e9nero fant\u00e1stico. A las 21:00 se realizar\u00e1 el cierre del Festival y se har\u00e1 la entrega de premios. A las 22:00 se har\u00e1 la proyecci\u00f3n del largometraje \u201cAl morir la matin\u00e9\u201d, de Maximiliano Contenti.<\/p>\n\n\n\n<p>Para m\u00e1s informaci\u00f3n, los interesados podr\u00e1n hacerlo en Instagram en @merlosangriento y en Facebook en \u201cMerlo Sangriento\u201d. Tambi\u00e9n en el sitio merlosangriento.wordpress.com.<\/p>\n","protected":false},"excerpt":{"rendered":"<p>En esta segunda edici\u00f3n de \u201cMerlo Sangriento\u201d que se realizar\u00e1 del 13 al 15 de octubre en la Casa del Poeta, se har\u00e1n proyecciones de largometrajes, concurso de cortometrajes, cuentos y una muestra de arte colectiva. Adem\u00e1s, se realizar\u00e1n charlas sobre diferentes tem\u00e1ticas. La invitaci\u00f3n es abierta a la comunidad y la entrada es libre [&hellip;]<\/p>\n","protected":false},"author":1,"featured_media":881,"comment_status":"open","ping_status":"open","sticky":false,"template":"","format":"standard","meta":{"footnotes":""},"categories":[23,73],"tags":[264,124],"class_list":["post-880","post","type-post","status-publish","format-standard","has-post-thumbnail","hentry","category-junin","category-merlo","tag-2o-festival-de-cine-fantastico-y-de-terror","tag-merlo"],"_links":{"self":[{"href":"https:\/\/vecinosdelinterior.com\/index.php\/wp-json\/wp\/v2\/posts\/880","targetHints":{"allow":["GET"]}}],"collection":[{"href":"https:\/\/vecinosdelinterior.com\/index.php\/wp-json\/wp\/v2\/posts"}],"about":[{"href":"https:\/\/vecinosdelinterior.com\/index.php\/wp-json\/wp\/v2\/types\/post"}],"author":[{"embeddable":true,"href":"https:\/\/vecinosdelinterior.com\/index.php\/wp-json\/wp\/v2\/users\/1"}],"replies":[{"embeddable":true,"href":"https:\/\/vecinosdelinterior.com\/index.php\/wp-json\/wp\/v2\/comments?post=880"}],"version-history":[{"count":1,"href":"https:\/\/vecinosdelinterior.com\/index.php\/wp-json\/wp\/v2\/posts\/880\/revisions"}],"predecessor-version":[{"id":882,"href":"https:\/\/vecinosdelinterior.com\/index.php\/wp-json\/wp\/v2\/posts\/880\/revisions\/882"}],"wp:featuredmedia":[{"embeddable":true,"href":"https:\/\/vecinosdelinterior.com\/index.php\/wp-json\/wp\/v2\/media\/881"}],"wp:attachment":[{"href":"https:\/\/vecinosdelinterior.com\/index.php\/wp-json\/wp\/v2\/media?parent=880"}],"wp:term":[{"taxonomy":"category","embeddable":true,"href":"https:\/\/vecinosdelinterior.com\/index.php\/wp-json\/wp\/v2\/categories?post=880"},{"taxonomy":"post_tag","embeddable":true,"href":"https:\/\/vecinosdelinterior.com\/index.php\/wp-json\/wp\/v2\/tags?post=880"}],"curies":[{"name":"wp","href":"https:\/\/api.w.org\/{rel}","templated":true}]}}