{"id":883,"date":"2023-10-12T21:14:25","date_gmt":"2023-10-13T00:14:25","guid":{"rendered":"https:\/\/vecinosdelinterior.com\/?p=883"},"modified":"2023-10-12T21:14:25","modified_gmt":"2023-10-13T00:14:25","slug":"llega-el-ciclo-virtual-como-en-el-teatro-a-san-francisco-del-monte-de-oro","status":"publish","type":"post","link":"https:\/\/vecinosdelinterior.com\/index.php\/2023\/10\/12\/llega-el-ciclo-virtual-como-en-el-teatro-a-san-francisco-del-monte-de-oro\/","title":{"rendered":"Llega el Ciclo Virtual \u201cComo en el Teatro\u201d a San Francisco del Monte de Oro"},"content":{"rendered":"\n<p>Este viernes 13 de octubre se presentar\u00e1 el Conservatorio de M\u00fasica de Quines \u201cJubal\u201d, que es dirigido por el profesor Daniel \u00c1brego. Comenzar\u00e1 a las 21:00 y se transmitir\u00e1 por las redes sociales de la casa cultural del norte puntano.<\/p>\n\n\n\n<p>En el tercer episodio de este ciclo, los alumnos y profesores de la instituci\u00f3n realizaron una puesta en escena en la Sala \u201cClara Chunt\u00fan\u201d, en la que participaron la profesora de m\u00fasica Romina Iris Gatica, que interpret\u00f3 \u201cLa A\u00f1era\u201d, una zamba de Atahualpa Yupanqui y el tango \u201cNada\u201d, de julio Sosa y luego, Daniel H\u00e9ctor Abrego, fundador del conservatorio, quien interpret\u00f3 el tango \u201cOblivion\u201d, de Astor Piazzolla.<\/p>\n\n\n\n<p>A continuaci\u00f3n, realizaron su presentaci\u00f3n los alumnos del ciclo superior de guitarra Marcelo Maidana y Brayan Valdevenitez, de San Mart\u00edn, junto al sanfrancisque\u00f1o Mat\u00edas Moreira, quien interpretaron un escondido de Carlos Carabajal \u201cAdi\u00f3s, que te vaya bien\u201d, versi\u00f3n propia, basada en un arreglo de \u201cLos Huayra\u201d.<\/p>\n\n\n\n<p><strong>M\u00e1s sobre el Conservatorio de M\u00fasica de Quines \u201cJubal\u201d<\/strong><\/p>\n\n\n\n<p>La instituci\u00f3n fue fundada en 1997 y tiene numerosos egresados a nivel profesional, que ense\u00f1an en escuelas p\u00fablicas y privadas, adem\u00e1s de conformar bandas y conjuntos vigentes.<\/p>\n\n\n\n<p>Los docentes transmiten su conocimiento en guitarra cl\u00e1sica y el\u00e9ctrica a los ni\u00f1os y j\u00f3venes de distintas localidades del Departamento Ayacucho. Tambi\u00e9n se dictan clases de viol\u00edn, viola, violoncello, contrabajo, charango, ukelele, bajo el\u00e9ctrico, flauta dulce y traversa, arm\u00f3nica, saxof\u00f3n, clarinete, acorde\u00f3n, piano, bombo, caj\u00f3n, bater\u00eda y percusi\u00f3n menor.<\/p>\n\n\n\n<p>Adem\u00e1s, se puede tomar clases de canto, coro, ensamble orquestal, direcci\u00f3n y producci\u00f3n musical.<\/p>\n","protected":false},"excerpt":{"rendered":"<p>Este viernes 13 de octubre se presentar\u00e1 el Conservatorio de M\u00fasica de Quines \u201cJubal\u201d, que es dirigido por el profesor Daniel \u00c1brego. Comenzar\u00e1 a las 21:00 y se transmitir\u00e1 por las redes sociales de la casa cultural del norte puntano. En el tercer episodio de este ciclo, los alumnos y profesores de la instituci\u00f3n realizaron [&hellip;]<\/p>\n","protected":false},"author":1,"featured_media":884,"comment_status":"open","ping_status":"open","sticky":false,"template":"","format":"standard","meta":{"footnotes":""},"categories":[8,9],"tags":[265],"class_list":["post-883","post","type-post","status-publish","format-standard","has-post-thumbnail","hentry","category-ayacucho","category-san-francisco","tag-conservatorio-de-musica-de-quines-jubal"],"_links":{"self":[{"href":"https:\/\/vecinosdelinterior.com\/index.php\/wp-json\/wp\/v2\/posts\/883","targetHints":{"allow":["GET"]}}],"collection":[{"href":"https:\/\/vecinosdelinterior.com\/index.php\/wp-json\/wp\/v2\/posts"}],"about":[{"href":"https:\/\/vecinosdelinterior.com\/index.php\/wp-json\/wp\/v2\/types\/post"}],"author":[{"embeddable":true,"href":"https:\/\/vecinosdelinterior.com\/index.php\/wp-json\/wp\/v2\/users\/1"}],"replies":[{"embeddable":true,"href":"https:\/\/vecinosdelinterior.com\/index.php\/wp-json\/wp\/v2\/comments?post=883"}],"version-history":[{"count":1,"href":"https:\/\/vecinosdelinterior.com\/index.php\/wp-json\/wp\/v2\/posts\/883\/revisions"}],"predecessor-version":[{"id":885,"href":"https:\/\/vecinosdelinterior.com\/index.php\/wp-json\/wp\/v2\/posts\/883\/revisions\/885"}],"wp:featuredmedia":[{"embeddable":true,"href":"https:\/\/vecinosdelinterior.com\/index.php\/wp-json\/wp\/v2\/media\/884"}],"wp:attachment":[{"href":"https:\/\/vecinosdelinterior.com\/index.php\/wp-json\/wp\/v2\/media?parent=883"}],"wp:term":[{"taxonomy":"category","embeddable":true,"href":"https:\/\/vecinosdelinterior.com\/index.php\/wp-json\/wp\/v2\/categories?post=883"},{"taxonomy":"post_tag","embeddable":true,"href":"https:\/\/vecinosdelinterior.com\/index.php\/wp-json\/wp\/v2\/tags?post=883"}],"curies":[{"name":"wp","href":"https:\/\/api.w.org\/{rel}","templated":true}]}}