{"id":89,"date":"2023-07-12T10:55:10","date_gmt":"2023-07-12T13:55:10","guid":{"rendered":"https:\/\/vecinosdelinterior.com\/?p=89"},"modified":"2023-07-12T10:55:10","modified_gmt":"2023-07-12T13:55:10","slug":"santa-rosa-del-conlara-detuvieron-a-dos-automovilistas-con-marihuana","status":"publish","type":"post","link":"https:\/\/vecinosdelinterior.com\/index.php\/2023\/07\/12\/santa-rosa-del-conlara-detuvieron-a-dos-automovilistas-con-marihuana\/","title":{"rendered":"Santa Rosa del Conlara: detuvieron a dos automovilistas con marihuana"},"content":{"rendered":"\n<p><\/p>\n\n\n\n<p>Los procedimientos estuvieron a cargo del personal de la Divisi\u00f3n Canes, perteneciente a la Direcci\u00f3n General de Polic\u00eda Caminera y Seguridad Vial.<\/p>\n\n\n\n<p>Fueron materializados este martes, en horas de la tarde, en el Puesto Lim\u00edtrofe N\u00b0 12 Santa Rosa del Conlara.<\/p>\n\n\n\n<figure class=\"wp-block-image size-full\"><img fetchpriority=\"high\" decoding=\"async\" width=\"640\" height=\"640\" src=\"https:\/\/vecinosdelinterior.com\/wp-content\/uploads\/2023\/07\/WhatsApp-Image-2023-07-12-at-09.10.40.jpeg\" alt=\"\" class=\"wp-image-90\" srcset=\"https:\/\/vecinosdelinterior.com\/wp-content\/uploads\/2023\/07\/WhatsApp-Image-2023-07-12-at-09.10.40.jpeg 640w, https:\/\/vecinosdelinterior.com\/wp-content\/uploads\/2023\/07\/WhatsApp-Image-2023-07-12-at-09.10.40-300x300.jpeg 300w, https:\/\/vecinosdelinterior.com\/wp-content\/uploads\/2023\/07\/WhatsApp-Image-2023-07-12-at-09.10.40-150x150.jpeg 150w, https:\/\/vecinosdelinterior.com\/wp-content\/uploads\/2023\/07\/WhatsApp-Image-2023-07-12-at-09.10.40-160x160.jpeg 160w\" sizes=\"(max-width: 640px) 100vw, 640px\" \/><\/figure>\n\n\n\n<p>En el primero de ellos, los oficiales identificaron al conductor de un Volkswagen Gol y requisaron el veh\u00edculo junto al can \u201cYago\u201d, quien detect\u00f3 la presencia de un envoltorio de marihuana.<\/p>\n\n\n\n<p>El restante accionar, fue la inspecci\u00f3n de un Renault Megane. Nuevamente, el can \u201cYago\u201d encontr\u00f3 envoltorios de marihuana y frascos con florescencia de Cannabis Sativa.<\/p>\n\n\n\n<p>Los aprehendidos resultaron tener 37 y 27 a\u00f1os de edad.<\/p>\n\n\n\n<p>Colaboraron efectivos del Departamento Seguridad Vial Tres, con asiento en la localidad.<\/p>\n\n\n\n<p>La sustancia fue incautada por efectivos de la Direcci\u00f3n General de Lucha contra el Narcotr\u00e1fico.<\/p>\n\n\n\n<p>Tom\u00f3 intervenci\u00f3n el Juzgado Federal de Villa Mercedes.<\/p>\n","protected":false},"excerpt":{"rendered":"<p>Los procedimientos estuvieron a cargo del personal de la Divisi\u00f3n Canes, perteneciente a la Direcci\u00f3n General de Polic\u00eda Caminera y Seguridad Vial. Fueron materializados este martes, en horas de la tarde, en el Puesto Lim\u00edtrofe N\u00b0 12 Santa Rosa del Conlara. En el primero de ellos, los oficiales identificaron al conductor de un Volkswagen Gol [&hellip;]<\/p>\n","protected":false},"author":1,"featured_media":90,"comment_status":"open","ping_status":"open","sticky":false,"template":"","format":"standard","meta":{"footnotes":""},"categories":[45],"tags":[47,46,48],"class_list":["post-89","post","type-post","status-publish","format-standard","has-post-thumbnail","hentry","category-santa-rosa-del-conlara","tag-droga","tag-policiales","tag-santa-rosa-del-conlara"],"_links":{"self":[{"href":"https:\/\/vecinosdelinterior.com\/index.php\/wp-json\/wp\/v2\/posts\/89","targetHints":{"allow":["GET"]}}],"collection":[{"href":"https:\/\/vecinosdelinterior.com\/index.php\/wp-json\/wp\/v2\/posts"}],"about":[{"href":"https:\/\/vecinosdelinterior.com\/index.php\/wp-json\/wp\/v2\/types\/post"}],"author":[{"embeddable":true,"href":"https:\/\/vecinosdelinterior.com\/index.php\/wp-json\/wp\/v2\/users\/1"}],"replies":[{"embeddable":true,"href":"https:\/\/vecinosdelinterior.com\/index.php\/wp-json\/wp\/v2\/comments?post=89"}],"version-history":[{"count":1,"href":"https:\/\/vecinosdelinterior.com\/index.php\/wp-json\/wp\/v2\/posts\/89\/revisions"}],"predecessor-version":[{"id":91,"href":"https:\/\/vecinosdelinterior.com\/index.php\/wp-json\/wp\/v2\/posts\/89\/revisions\/91"}],"wp:featuredmedia":[{"embeddable":true,"href":"https:\/\/vecinosdelinterior.com\/index.php\/wp-json\/wp\/v2\/media\/90"}],"wp:attachment":[{"href":"https:\/\/vecinosdelinterior.com\/index.php\/wp-json\/wp\/v2\/media?parent=89"}],"wp:term":[{"taxonomy":"category","embeddable":true,"href":"https:\/\/vecinosdelinterior.com\/index.php\/wp-json\/wp\/v2\/categories?post=89"},{"taxonomy":"post_tag","embeddable":true,"href":"https:\/\/vecinosdelinterior.com\/index.php\/wp-json\/wp\/v2\/tags?post=89"}],"curies":[{"name":"wp","href":"https:\/\/api.w.org\/{rel}","templated":true}]}}