{"id":891,"date":"2023-10-13T15:44:24","date_gmt":"2023-10-13T18:44:24","guid":{"rendered":"https:\/\/vecinosdelinterior.com\/?p=891"},"modified":"2023-10-13T15:44:25","modified_gmt":"2023-10-13T18:44:25","slug":"liberacion-de-aves-en-bajo-de-veliz","status":"publish","type":"post","link":"https:\/\/vecinosdelinterior.com\/index.php\/2023\/10\/13\/liberacion-de-aves-en-bajo-de-veliz\/","title":{"rendered":"Liberaci\u00f3n de aves en Bajo de V\u00e9liz"},"content":{"rendered":"\n<p>En el marco del \u201cMes de las aves\u201d, entre 20 y 30 aves provenientes de decomisos, fueron liberadas en la Reserva Provincial Bajo de V\u00e9liz.<\/p>\n\n\n\n<p>Las aves liberadas hab\u00edan sido rescatadas por la polic\u00eda ambiental en diversos procedimientos. Algunas proven\u00edan de decomisos por denuncias de maltrato animal, otras por contrabando de fauna. Entre las especies se destacan: Cardenal copete rojo, reina mora y corbatitas, entre otras.<\/p>\n\n\n\n<p>El proceso para la liberaci\u00f3n consisti\u00f3 en meses de trabajo por parte de un equipo especializado en el \u00e1rea. \u201cLas aves estuvieron todo el invierno en proceso de rehabilitaci\u00f3n y recuperaci\u00f3n en el Centro de Conservaci\u00f3n de \u2018La Florida\u2019 hasta que estuvieron preparadas para vivir en su h\u00e1bitat\u201d, cont\u00f3 la jefa del \u00e1rea Fauna, de la Secretar\u00eda de Ambiente, Lara Denapole.<\/p>\n\n\n\n<p>El lugar elegido para la liberaci\u00f3n no fue casual: \u201cEs un \u00e1rea protegida\u201d, resalt\u00f3 la funcionaria. Estuvieron presentes ni\u00f1os, ni\u00f1as y j\u00f3venes de escuelas de la zona, acompa\u00f1ados por sus docentes. En ese marco, se realiz\u00f3 una charla y juegos para concientizar sobre el cuidado y respeto por la fauna silvestre.<\/p>\n\n\n\n<p>La liberaci\u00f3n de aves continuar\u00e1 durante todo el mes de octubre, \u201cMes de las aves\u201d, en las \u00e1reas protegidas provinciales.<\/p>\n\n\n\n<figure class=\"wp-block-gallery has-nested-images columns-default is-cropped wp-block-gallery-1 is-layout-flex wp-block-gallery-is-layout-flex\">\n<figure class=\"wp-block-image size-large\"><img fetchpriority=\"high\" decoding=\"async\" width=\"1024\" height=\"768\" data-id=\"892\" src=\"https:\/\/vecinosdelinterior.com\/wp-content\/uploads\/2023\/10\/WhatsApp-Image-2023-10-12-at-13.20.37-1024x768.jpeg\" alt=\"\" class=\"wp-image-892\" srcset=\"https:\/\/vecinosdelinterior.com\/wp-content\/uploads\/2023\/10\/WhatsApp-Image-2023-10-12-at-13.20.37-1024x768.jpeg 1024w, https:\/\/vecinosdelinterior.com\/wp-content\/uploads\/2023\/10\/WhatsApp-Image-2023-10-12-at-13.20.37-300x225.jpeg 300w, https:\/\/vecinosdelinterior.com\/wp-content\/uploads\/2023\/10\/WhatsApp-Image-2023-10-12-at-13.20.37-768x576.jpeg 768w, https:\/\/vecinosdelinterior.com\/wp-content\/uploads\/2023\/10\/WhatsApp-Image-2023-10-12-at-13.20.37-1536x1152.jpeg 1536w, https:\/\/vecinosdelinterior.com\/wp-content\/uploads\/2023\/10\/WhatsApp-Image-2023-10-12-at-13.20.37-750x563.jpeg 750w, https:\/\/vecinosdelinterior.com\/wp-content\/uploads\/2023\/10\/WhatsApp-Image-2023-10-12-at-13.20.37-1140x855.jpeg 1140w, https:\/\/vecinosdelinterior.com\/wp-content\/uploads\/2023\/10\/WhatsApp-Image-2023-10-12-at-13.20.37.jpeg 1600w\" sizes=\"(max-width: 1024px) 100vw, 1024px\" \/><\/figure>\n\n\n\n<figure class=\"wp-block-image size-large\"><img decoding=\"async\" width=\"1024\" height=\"768\" data-id=\"893\" src=\"https:\/\/vecinosdelinterior.com\/wp-content\/uploads\/2023\/10\/WhatsApp-Image-2023-10-12-at-13.13.14-2-1024x768.jpeg\" alt=\"\" class=\"wp-image-893\" srcset=\"https:\/\/vecinosdelinterior.com\/wp-content\/uploads\/2023\/10\/WhatsApp-Image-2023-10-12-at-13.13.14-2-1024x768.jpeg 1024w, https:\/\/vecinosdelinterior.com\/wp-content\/uploads\/2023\/10\/WhatsApp-Image-2023-10-12-at-13.13.14-2-300x225.jpeg 300w, https:\/\/vecinosdelinterior.com\/wp-content\/uploads\/2023\/10\/WhatsApp-Image-2023-10-12-at-13.13.14-2-768x576.jpeg 768w, https:\/\/vecinosdelinterior.com\/wp-content\/uploads\/2023\/10\/WhatsApp-Image-2023-10-12-at-13.13.14-2-1536x1152.jpeg 1536w, https:\/\/vecinosdelinterior.com\/wp-content\/uploads\/2023\/10\/WhatsApp-Image-2023-10-12-at-13.13.14-2-750x563.jpeg 750w, https:\/\/vecinosdelinterior.com\/wp-content\/uploads\/2023\/10\/WhatsApp-Image-2023-10-12-at-13.13.14-2-1140x855.jpeg 1140w, https:\/\/vecinosdelinterior.com\/wp-content\/uploads\/2023\/10\/WhatsApp-Image-2023-10-12-at-13.13.14-2.jpeg 1600w\" sizes=\"(max-width: 1024px) 100vw, 1024px\" \/><\/figure>\n<\/figure>\n","protected":false},"excerpt":{"rendered":"<p>En el marco del \u201cMes de las aves\u201d, entre 20 y 30 aves provenientes de decomisos, fueron liberadas en la Reserva Provincial Bajo de V\u00e9liz. Las aves liberadas hab\u00edan sido rescatadas por la polic\u00eda ambiental en diversos procedimientos. Algunas proven\u00edan de decomisos por denuncias de maltrato animal, otras por contrabando de fauna. Entre las especies [&hellip;]<\/p>\n","protected":false},"author":1,"featured_media":892,"comment_status":"open","ping_status":"open","sticky":false,"template":"","format":"standard","meta":{"footnotes":""},"categories":[1],"tags":[267],"class_list":["post-891","post","type-post","status-publish","format-standard","has-post-thumbnail","hentry","category-blog","tag-bajo-de-veliz"],"_links":{"self":[{"href":"https:\/\/vecinosdelinterior.com\/index.php\/wp-json\/wp\/v2\/posts\/891","targetHints":{"allow":["GET"]}}],"collection":[{"href":"https:\/\/vecinosdelinterior.com\/index.php\/wp-json\/wp\/v2\/posts"}],"about":[{"href":"https:\/\/vecinosdelinterior.com\/index.php\/wp-json\/wp\/v2\/types\/post"}],"author":[{"embeddable":true,"href":"https:\/\/vecinosdelinterior.com\/index.php\/wp-json\/wp\/v2\/users\/1"}],"replies":[{"embeddable":true,"href":"https:\/\/vecinosdelinterior.com\/index.php\/wp-json\/wp\/v2\/comments?post=891"}],"version-history":[{"count":1,"href":"https:\/\/vecinosdelinterior.com\/index.php\/wp-json\/wp\/v2\/posts\/891\/revisions"}],"predecessor-version":[{"id":894,"href":"https:\/\/vecinosdelinterior.com\/index.php\/wp-json\/wp\/v2\/posts\/891\/revisions\/894"}],"wp:featuredmedia":[{"embeddable":true,"href":"https:\/\/vecinosdelinterior.com\/index.php\/wp-json\/wp\/v2\/media\/892"}],"wp:attachment":[{"href":"https:\/\/vecinosdelinterior.com\/index.php\/wp-json\/wp\/v2\/media?parent=891"}],"wp:term":[{"taxonomy":"category","embeddable":true,"href":"https:\/\/vecinosdelinterior.com\/index.php\/wp-json\/wp\/v2\/categories?post=891"},{"taxonomy":"post_tag","embeddable":true,"href":"https:\/\/vecinosdelinterior.com\/index.php\/wp-json\/wp\/v2\/tags?post=891"}],"curies":[{"name":"wp","href":"https:\/\/api.w.org\/{rel}","templated":true}]}}