{"id":918,"date":"2023-10-19T10:06:07","date_gmt":"2023-10-19T13:06:07","guid":{"rendered":"https:\/\/vecinosdelinterior.com\/?p=918"},"modified":"2023-10-19T10:06:07","modified_gmt":"2023-10-19T13:06:07","slug":"la-carolina-fue-elegida-entre-los-mejores-pueblos-turisticos-del-mundo","status":"publish","type":"post","link":"https:\/\/vecinosdelinterior.com\/index.php\/2023\/10\/19\/la-carolina-fue-elegida-entre-los-mejores-pueblos-turisticos-del-mundo\/","title":{"rendered":"La Carolina fue elegida entre los \u201cMejores Pueblos Tur\u00edsticos\u201d del mundo"},"content":{"rendered":"\n<p><br>La Organizaci\u00f3n Mundial del Turismo (OMT) anunci\u00f3 este jueves su lista de Mejores Pueblos Tur\u00edsticos 2023, que reconoce a las localidades que se destacan en en el cuidado de las zonas rurales y la preservaci\u00f3n de los paisajes, la diversidad cultural, los valores locales y las tradiciones culinarias.<\/p>\n\n\n\n<p>En la tercera edici\u00f3n, desarrollada este a\u00f1o, se seleccionaron 54 pueblos de todas las regiones entre casi 260 solicitudes. Entre las elegidas figura La Carolina, situada en el departamento Pringles de la provincia de San Luis.<\/p>\n\n\n\n<figure class=\"wp-block-gallery has-nested-images columns-default is-cropped wp-block-gallery-1 is-layout-flex wp-block-gallery-is-layout-flex\">\n<figure class=\"wp-block-image size-large\"><img fetchpriority=\"high\" decoding=\"async\" width=\"992\" height=\"660\" data-id=\"919\" src=\"https:\/\/vecinosdelinterior.com\/wp-content\/uploads\/2023\/10\/md-3.webp\" alt=\"\" class=\"wp-image-919\" srcset=\"https:\/\/vecinosdelinterior.com\/wp-content\/uploads\/2023\/10\/md-3.webp 992w, https:\/\/vecinosdelinterior.com\/wp-content\/uploads\/2023\/10\/md-3-300x200.webp 300w, https:\/\/vecinosdelinterior.com\/wp-content\/uploads\/2023\/10\/md-3-768x511.webp 768w, https:\/\/vecinosdelinterior.com\/wp-content\/uploads\/2023\/10\/md-3-750x499.webp 750w\" sizes=\"(max-width: 992px) 100vw, 992px\" \/><\/figure>\n\n\n\n<figure class=\"wp-block-image size-large\"><img decoding=\"async\" width=\"1024\" height=\"683\" data-id=\"920\" src=\"https:\/\/vecinosdelinterior.com\/wp-content\/uploads\/2023\/10\/4ff2964c7bdf4173e639ba1b6db87de9-1024x683.jpg\" alt=\"\" class=\"wp-image-920\" srcset=\"https:\/\/vecinosdelinterior.com\/wp-content\/uploads\/2023\/10\/4ff2964c7bdf4173e639ba1b6db87de9-1024x683.jpg 1024w, https:\/\/vecinosdelinterior.com\/wp-content\/uploads\/2023\/10\/4ff2964c7bdf4173e639ba1b6db87de9-300x200.jpg 300w, https:\/\/vecinosdelinterior.com\/wp-content\/uploads\/2023\/10\/4ff2964c7bdf4173e639ba1b6db87de9-768x512.jpg 768w, https:\/\/vecinosdelinterior.com\/wp-content\/uploads\/2023\/10\/4ff2964c7bdf4173e639ba1b6db87de9-1536x1024.jpg 1536w, https:\/\/vecinosdelinterior.com\/wp-content\/uploads\/2023\/10\/4ff2964c7bdf4173e639ba1b6db87de9-2048x1365.jpg 2048w, https:\/\/vecinosdelinterior.com\/wp-content\/uploads\/2023\/10\/4ff2964c7bdf4173e639ba1b6db87de9-750x500.jpg 750w, https:\/\/vecinosdelinterior.com\/wp-content\/uploads\/2023\/10\/4ff2964c7bdf4173e639ba1b6db87de9-1140x760.jpg 1140w\" sizes=\"(max-width: 1024px) 100vw, 1024px\" \/><\/figure>\n<\/figure>\n\n\n\n<p>\u201cEl turismo puede ser una fuerza poderosa para la inclusi\u00f3n, empoderando a las comunidades locales y distribuyendo beneficios entre regiones\u201d, enfatiz\u00f3 el Secretario General de la OMT, Zurab Pololikashvili. \u201cEsta iniciativa reconoce a los pueblos que han aprovechado el turismo como catalizador de su desarrollo y bienestar\u201d, agreg\u00f3.<\/p>\n\n\n\n<p>Lanzada en 2021, la iniciativa Mejores Pueblos Tur\u00edsticos de la OMT forma parte del Programa de Turismo para el Desarrollo Rural de la OMT. El Programa trabaja para fomentar el desarrollo y la inclusi\u00f3n en las zonas rurales, combatir la despoblaci\u00f3n, promover la innovaci\u00f3n y la integraci\u00f3n de las cadenas de valor a trav\u00e9s del turismo y fomentar pr\u00e1cticas sostenibles.<\/p>\n\n\n\n<p>Para el reconocimiento, los pueblos se eval\u00faan en nueve \u00e1reas clave: Recursos culturales y naturales; Promoci\u00f3n y Conservaci\u00f3n de Recursos Culturales; Sostenibilidad Econ\u00f3mica; Sostenibilidad Social; Sostenibilidad del medio ambiente; Desarrollo tur\u00edstico e integraci\u00f3n de cadenas de valor; Gobernanza y Priorizaci\u00f3n del Turismo; Infraestructura y Conectividad; y Salud, seguridad y protecci\u00f3n.<\/p>\n\n\n\n<p>La lista de las mejores aldeas tur\u00edsticas seg\u00fan la OMT 2023 es la siguiente (por orden alfab\u00e9tico):<\/p>\n\n\n\n<p>Al Sela, Jordania<\/p>\n\n\n\n<p>Barrancas, Chile<\/p>\n\n\n\n<p>Biei, Jap\u00f3n<\/p>\n\n\n\n<p>Caleta Tortel, Chile<\/p>\n\n\n\n<p>Cantavieja, Espa\u00f1a<\/p>\n\n\n\n<p>Chacas, Per\u00fa<\/p>\n\n\n\n<p>Chav\u00edn de Hu\u00e1ntar, Per\u00fa<\/p>\n\n\n\n<p>Dahshour, Egipto<\/p>\n\n\n\n<p>Bandera de India<\/p>\n\n\n\n<p>Dongbaek, Rep\u00fablica de Corea<\/p>\n\n\n\n<p>Duma, L\u00edbano<\/p>\n\n\n\n<p>Bandera de Portugal<\/p>\n\n\n\n<p>Filandia, Colombia<\/p>\n\n\n\n<p>Hakuba, Jap\u00f3n<\/p>\n\n\n\n<p>Higueras, M\u00e9xico<\/p>\n\n\n\n<p>Huangling, China<\/p>\n\n\n\n<p>Jalpa de C\u00e1novas, M\u00e9xico<\/p>\n\n\n\n<p>Kandovan, Ir\u00e1n<\/p>\n\n\n\n<p><strong>La Carolina, Argentina<\/strong><\/p>\n\n\n\n<p>Pueblo de Lephis, Etiop\u00eda<\/p>\n\n\n\n<p>Bandera de Italia<\/p>\n\n\n\n<p>Manteigas, Portugal<\/p>\n\n\n\n<p>Morcote, Suiza<\/p>\n\n\n\n<p>Mosan, Rep\u00fablica de Corea<\/p>\n\n\n\n<p>Oku-Matsushima, Jap\u00f3n<\/p>\n\n\n\n<p>Omitl\u00e1n de Ju\u00e1rez, M\u00e9xico<\/p>\n\n\n\n<p>O\u00f1ate, Espa\u00f1a<\/p>\n\n\n\n<p>Ordino, Andorra<\/p>\n\n\n\n<p>Oyacachi, Ecuador<\/p>\n\n\n\n<p>Paucartambo, Per\u00fa<\/p>\n\n\n\n<p>Penglipuran, Indonesia<\/p>\n\n\n\n<p>Pisco Elqui, Chile<\/p>\n\n\n\n<p>Pozuzo, Per\u00fa<\/p>\n\n\n\n<p>Saint-Ursanne, Suiza<\/p>\n\n\n\n<p>Saty, Kazajst\u00e1n<\/p>\n\n\n\n<p>Bandera de Austria<\/p>\n\n\n\n<p>Sehwa, Rep\u00fablica de Corea<\/p>\n\n\n\n<p>Sentob, Uzbekist\u00e1n<\/p>\n\n\n\n<p>Shirakawa, Jap\u00f3n<\/p>\n\n\n\n<p>Sig\u00fcenza, Espa\u00f1a<\/p>\n\n\n\n<p>\u015eirince, Turqu\u00eda<\/p>\n\n\n\n<p>Siwa, Egipto<\/p>\n\n\n\n<p>Slunj, Croacia<\/p>\n\n\n\n<p>Sortelha, Portugal<\/p>\n\n\n\n<p>Ant\u00f3n am Arlberg, Austria<\/p>\n\n\n\n<p>T\u00e2n Ho\u00e1, Vietnam<\/p>\n\n\n\n<p>Taquile, Per\u00fa<\/p>\n\n\n\n<p>Tokaj, Hungr\u00eda<\/p>\n\n\n\n<p>V\u0103leni, Moldavia<\/p>\n\n\n\n<p>Vila da Madalena, Portugal<\/p>\n\n\n\n<p>Xiajiang, China<\/p>\n\n\n\n<p>Zapatoca, Colombia<\/p>\n\n\n\n<p>Zhagan\u00e1, China<\/p>\n\n\n\n<p>Zhujiawan, China<\/p>\n","protected":false},"excerpt":{"rendered":"<p>La Organizaci\u00f3n Mundial del Turismo (OMT) anunci\u00f3 este jueves su lista de Mejores Pueblos Tur\u00edsticos 2023, que reconoce a las localidades que se destacan en en el cuidado de las zonas rurales y la preservaci\u00f3n de los paisajes, la diversidad cultural, los valores locales y las tradiciones culinarias. En la tercera edici\u00f3n, desarrollada este a\u00f1o, [&hellip;]<\/p>\n","protected":false},"author":1,"featured_media":919,"comment_status":"open","ping_status":"open","sticky":false,"template":"","format":"standard","meta":{"footnotes":""},"categories":[112,2],"tags":[113],"class_list":["post-918","post","type-post","status-publish","format-standard","has-post-thumbnail","hentry","category-la-carolina","category-pringles","tag-la-carolina"],"_links":{"self":[{"href":"https:\/\/vecinosdelinterior.com\/index.php\/wp-json\/wp\/v2\/posts\/918","targetHints":{"allow":["GET"]}}],"collection":[{"href":"https:\/\/vecinosdelinterior.com\/index.php\/wp-json\/wp\/v2\/posts"}],"about":[{"href":"https:\/\/vecinosdelinterior.com\/index.php\/wp-json\/wp\/v2\/types\/post"}],"author":[{"embeddable":true,"href":"https:\/\/vecinosdelinterior.com\/index.php\/wp-json\/wp\/v2\/users\/1"}],"replies":[{"embeddable":true,"href":"https:\/\/vecinosdelinterior.com\/index.php\/wp-json\/wp\/v2\/comments?post=918"}],"version-history":[{"count":1,"href":"https:\/\/vecinosdelinterior.com\/index.php\/wp-json\/wp\/v2\/posts\/918\/revisions"}],"predecessor-version":[{"id":921,"href":"https:\/\/vecinosdelinterior.com\/index.php\/wp-json\/wp\/v2\/posts\/918\/revisions\/921"}],"wp:featuredmedia":[{"embeddable":true,"href":"https:\/\/vecinosdelinterior.com\/index.php\/wp-json\/wp\/v2\/media\/919"}],"wp:attachment":[{"href":"https:\/\/vecinosdelinterior.com\/index.php\/wp-json\/wp\/v2\/media?parent=918"}],"wp:term":[{"taxonomy":"category","embeddable":true,"href":"https:\/\/vecinosdelinterior.com\/index.php\/wp-json\/wp\/v2\/categories?post=918"},{"taxonomy":"post_tag","embeddable":true,"href":"https:\/\/vecinosdelinterior.com\/index.php\/wp-json\/wp\/v2\/tags?post=918"}],"curies":[{"name":"wp","href":"https:\/\/api.w.org\/{rel}","templated":true}]}}