{"id":92,"date":"2023-07-12T11:53:15","date_gmt":"2023-07-12T14:53:15","guid":{"rendered":"https:\/\/vecinosdelinterior.com\/?p=92"},"modified":"2023-07-12T11:53:15","modified_gmt":"2023-07-12T14:53:15","slug":"abrio-una-muestra-fotografica-en-san-francisco-del-monte-de-oro","status":"publish","type":"post","link":"https:\/\/vecinosdelinterior.com\/index.php\/2023\/07\/12\/abrio-una-muestra-fotografica-en-san-francisco-del-monte-de-oro\/","title":{"rendered":"Abri\u00f3 una muestra fotogr\u00e1fica en San Francisco del Monte de Oro"},"content":{"rendered":"\n<p><\/p>\n\n\n\n<p>Abri\u00f3 una muestra fotogr\u00e1fica en San Francisco del Monte de Oro<br>Un muestrario de las bellezas del norte. La exposici\u00f3n contiene im\u00e1genes sacadas con c\u00e1mara o con celular por parte de 30 entusiastas alumnos que pusieron el ojo en el lugar preciso. Foto: Gentileza.<\/p>\n\n\n\n<p>Cada click que hicieron los integrantes del taller de fotograf\u00eda que se dict\u00f3 en el Centro Cultural de San Francisco del Monte de Oro pod\u00eda ser el que captara una imagen digna de ser expuesta a futuro. Con esa consigna trabajaron alumnas y alumnos durante el curso que se dict\u00f3 en la primera mitad del a\u00f1o y as\u00ed llegaron a la muestra que se inaugur\u00f3 esta semana y que permanecer\u00e1 hasta fin de mes.<\/p>\n\n\n\n<figure class=\"wp-block-image size-full\"><img fetchpriority=\"high\" decoding=\"async\" width=\"770\" height=\"440\" src=\"https:\/\/vecinosdelinterior.com\/wp-content\/uploads\/2023\/07\/1689164020107.webp\" alt=\"\" class=\"wp-image-93\" srcset=\"https:\/\/vecinosdelinterior.com\/wp-content\/uploads\/2023\/07\/1689164020107.webp 770w, https:\/\/vecinosdelinterior.com\/wp-content\/uploads\/2023\/07\/1689164020107-300x171.webp 300w, https:\/\/vecinosdelinterior.com\/wp-content\/uploads\/2023\/07\/1689164020107-768x439.webp 768w\" sizes=\"(max-width: 770px) 100vw, 770px\" \/><\/figure>\n\n\n\n<p>Los 30 participantes que tomaron las clases se animaron a mostrar los resultados de su experiencia en la exposici\u00f3n que se instal\u00f3 en el sal\u00f3n central \u00abAsunta Manca de Heredia\u00bb, del centro cultural del norte provincial. El acto inaugural, el lunes, sirvi\u00f3 adem\u00e1s para que la profesora Sof\u00eda Yehie Gabras \u2014una reconocida reportera que retrat\u00f3 de cerca los recitales de rock de la d\u00e9cada pasada\u2014 entregara los certificados a sus alumnos.<\/p>\n\n\n\n<p>\u201cEl aprendizaje fue rec\u00edproco: yo tambi\u00e9n incorpor\u00e9 mucho durante las clases. Es un camino m\u00e1gico en el que se trabaja lo interno para mostrar lo externo\u00bb, agreg\u00f3.<br>Sof\u00eda se\u00f1al\u00f3 adem\u00e1s que en la primera parte del a\u00f1o dict\u00f3 dos tipos de talleres: uno con c\u00e1mara de tel\u00e9fono celular \u2014que tuvo cuatro encuentros\u2014 y otro con c\u00e1mara r\u00e9flex, que abarc\u00f3 el resto del esforzado primer<\/p>\n\n\n\n<p>cuatrimestre. Ambos fueron incluidos en el taller \u00abIniciaci\u00f3n a la fotograf\u00eda art\u00edstica\u00bb.<\/p>\n\n\n\n<p>Una vez que se levante la exposici\u00f3n abierta esta semana, los alumnos podr\u00e1n retomar con la segunda parte del curso, prevista para agosto.<\/p>\n\n\n\n<p>En la muestra hay fotos impresas de paisajes, retratos, animales, edificios hist\u00f3ricos, plazas y otras vivencias de todo el norte provincial, el espacio de trabajo que tuvieron los cursantes en la primera parte del a\u00f1o.<\/p>\n\n\n\n<p>Tal vez inconscientemente, los participantes de la muestra aportaron un nuevo \u00e1lbum de im\u00e1genes que describen una regi\u00f3n de la provincia que tiene su belleza, su encanto y su historia, y que merece ser mostrado.<\/p>\n\n\n\n<p>En los talleres y en la muestra participan vecinos de todo el Departamento Ayacucho, por lo que la profesora destac\u00f3 que no solo tuvo practicantes de San Francisco del Monte de Oro, sino tambi\u00e9n de Luj\u00e1n, Quines y Leandro N. Alem.<\/p>\n\n\n\n<p>\u00abEl objetivo de este taller fue transmitir el conocimiento, a trav\u00e9s de la pr\u00e1ctica\u00bb, dijeron en el centro cultural norte\u00f1o, donde destacaron que Gabras ya lleva 13 a\u00f1os de docencia a trav\u00e9s del lente fotogr\u00e1fico.<\/p>\n\n\n\n<p>La muestra se podr\u00e1 visitar de lunes a s\u00e1bado, de 9 a 13 y de 16 a 20, con entrada libre y gratuita.<\/p>\n\n\n\n<p>Para agendar<\/p>\n\n\n\n<p>D\u00cdA: hasta fin de mes.<\/p>\n\n\n\n<p>HORA: de 9 a 13 y de 16 a 20<\/p>\n\n\n\n<p>LUGAR: Centro Cultural San Francisco del Monte de Oro.<\/p>\n\n\n\n<p>ENTRADA: gratis.<\/p>\n\n\n\n<p>Fuente: EDDLR<\/p>\n","protected":false},"excerpt":{"rendered":"<p>Abri\u00f3 una muestra fotogr\u00e1fica en San Francisco del Monte de OroUn muestrario de las bellezas del norte. La exposici\u00f3n contiene im\u00e1genes sacadas con c\u00e1mara o con celular por parte de 30 entusiastas alumnos que pusieron el ojo en el lugar preciso. Foto: Gentileza. Cada click que hicieron los integrantes del taller de fotograf\u00eda que se [&hellip;]<\/p>\n","protected":false},"author":1,"featured_media":93,"comment_status":"open","ping_status":"open","sticky":false,"template":"","format":"standard","meta":{"footnotes":""},"categories":[8,9],"tags":[49,50,11],"class_list":["post-92","post","type-post","status-publish","format-standard","has-post-thumbnail","hentry","category-ayacucho","category-san-francisco","tag-fotografia","tag-muestra","tag-san-francisco"],"_links":{"self":[{"href":"https:\/\/vecinosdelinterior.com\/index.php\/wp-json\/wp\/v2\/posts\/92","targetHints":{"allow":["GET"]}}],"collection":[{"href":"https:\/\/vecinosdelinterior.com\/index.php\/wp-json\/wp\/v2\/posts"}],"about":[{"href":"https:\/\/vecinosdelinterior.com\/index.php\/wp-json\/wp\/v2\/types\/post"}],"author":[{"embeddable":true,"href":"https:\/\/vecinosdelinterior.com\/index.php\/wp-json\/wp\/v2\/users\/1"}],"replies":[{"embeddable":true,"href":"https:\/\/vecinosdelinterior.com\/index.php\/wp-json\/wp\/v2\/comments?post=92"}],"version-history":[{"count":1,"href":"https:\/\/vecinosdelinterior.com\/index.php\/wp-json\/wp\/v2\/posts\/92\/revisions"}],"predecessor-version":[{"id":94,"href":"https:\/\/vecinosdelinterior.com\/index.php\/wp-json\/wp\/v2\/posts\/92\/revisions\/94"}],"wp:featuredmedia":[{"embeddable":true,"href":"https:\/\/vecinosdelinterior.com\/index.php\/wp-json\/wp\/v2\/media\/93"}],"wp:attachment":[{"href":"https:\/\/vecinosdelinterior.com\/index.php\/wp-json\/wp\/v2\/media?parent=92"}],"wp:term":[{"taxonomy":"category","embeddable":true,"href":"https:\/\/vecinosdelinterior.com\/index.php\/wp-json\/wp\/v2\/categories?post=92"},{"taxonomy":"post_tag","embeddable":true,"href":"https:\/\/vecinosdelinterior.com\/index.php\/wp-json\/wp\/v2\/tags?post=92"}],"curies":[{"name":"wp","href":"https:\/\/api.w.org\/{rel}","templated":true}]}}