{"id":923,"date":"2023-10-20T10:50:45","date_gmt":"2023-10-20T13:50:45","guid":{"rendered":"https:\/\/vecinosdelinterior.com\/?p=923"},"modified":"2023-10-20T10:50:45","modified_gmt":"2023-10-20T13:50:45","slug":"realizaran-una-muestra-de-arte-en-el-centro-cultural-de-san-francisco","status":"publish","type":"post","link":"https:\/\/vecinosdelinterior.com\/index.php\/2023\/10\/20\/realizaran-una-muestra-de-arte-en-el-centro-cultural-de-san-francisco\/","title":{"rendered":"Realizar\u00e1n una muestra de arte en el Centro Cultural de San Francisco"},"content":{"rendered":"\n<p>Ser\u00e1 este viernes 20 de octubre, de 18:00 a 20:00. Esta actividad est\u00e1 coordinada por Marilina Siciliani y Luz Martinelli responsables de los espacios de la localidad \u201cArte para liberarte\u201d y \u201cCasa taller\u201d. La invitaci\u00f3n es abierta a la comunidad y la entrada, sin costo.<\/p>\n\n\n\n<p>\u201cLa muestra estar\u00e1 enfocada para el p\u00fablico infantil y se exhibir\u00e1n los trabajos realizados durante el a\u00f1o en los talleres. Estas piezas de los peque\u00f1os artistas est\u00e1n creadas con distintos materiales, como papel, madera y piedra\u201d, explic\u00f3 Siciliani, quien adem\u00e1s es maestra de pl\u00e1stica, dise\u00f1adora de indumentaria y asesora de imagen.<\/p>\n\n\n\n<p>La docente se refiri\u00f3 tambi\u00e9n a los espacios que lleva adelante junto a Luz Martinelli: \u201cLas clases del taller \u2018Arte para liberarte\u2019 se dictan los martes, de 17:00 a 19:00, en el centro cultural para ni\u00f1os de 5 a 10 a\u00f1os. En tanto que \u2018Casa taller\u2019, se dicta en su domicilio y es un espacio libre de creaci\u00f3n donde jugando y compartiendo los chicos aprenden. Trabajamos mucho las formas de vinculaci\u00f3n y aceptaci\u00f3n de la diversidad\u201d, explic\u00f3.<\/p>\n\n\n\n<p>Siciliani invit\u00f3 a la comunidad del norte provincial para compartir la experiencia de las ni\u00f1as y ni\u00f1os con el arte y el baile a trav\u00e9s del movimiento.<\/p>\n","protected":false},"excerpt":{"rendered":"<p>Ser\u00e1 este viernes 20 de octubre, de 18:00 a 20:00. Esta actividad est\u00e1 coordinada por Marilina Siciliani y Luz Martinelli responsables de los espacios de la localidad \u201cArte para liberarte\u201d y \u201cCasa taller\u201d. La invitaci\u00f3n es abierta a la comunidad y la entrada, sin costo. \u201cLa muestra estar\u00e1 enfocada para el p\u00fablico infantil y se [&hellip;]<\/p>\n","protected":false},"author":1,"featured_media":924,"comment_status":"open","ping_status":"open","sticky":false,"template":"","format":"standard","meta":{"footnotes":""},"categories":[8,9],"tags":[271],"class_list":["post-923","post","type-post","status-publish","format-standard","has-post-thumbnail","hentry","category-ayacucho","category-san-francisco","tag-centro-cultural-de-san-francisco"],"_links":{"self":[{"href":"https:\/\/vecinosdelinterior.com\/index.php\/wp-json\/wp\/v2\/posts\/923","targetHints":{"allow":["GET"]}}],"collection":[{"href":"https:\/\/vecinosdelinterior.com\/index.php\/wp-json\/wp\/v2\/posts"}],"about":[{"href":"https:\/\/vecinosdelinterior.com\/index.php\/wp-json\/wp\/v2\/types\/post"}],"author":[{"embeddable":true,"href":"https:\/\/vecinosdelinterior.com\/index.php\/wp-json\/wp\/v2\/users\/1"}],"replies":[{"embeddable":true,"href":"https:\/\/vecinosdelinterior.com\/index.php\/wp-json\/wp\/v2\/comments?post=923"}],"version-history":[{"count":1,"href":"https:\/\/vecinosdelinterior.com\/index.php\/wp-json\/wp\/v2\/posts\/923\/revisions"}],"predecessor-version":[{"id":925,"href":"https:\/\/vecinosdelinterior.com\/index.php\/wp-json\/wp\/v2\/posts\/923\/revisions\/925"}],"wp:featuredmedia":[{"embeddable":true,"href":"https:\/\/vecinosdelinterior.com\/index.php\/wp-json\/wp\/v2\/media\/924"}],"wp:attachment":[{"href":"https:\/\/vecinosdelinterior.com\/index.php\/wp-json\/wp\/v2\/media?parent=923"}],"wp:term":[{"taxonomy":"category","embeddable":true,"href":"https:\/\/vecinosdelinterior.com\/index.php\/wp-json\/wp\/v2\/categories?post=923"},{"taxonomy":"post_tag","embeddable":true,"href":"https:\/\/vecinosdelinterior.com\/index.php\/wp-json\/wp\/v2\/tags?post=923"}],"curies":[{"name":"wp","href":"https:\/\/api.w.org\/{rel}","templated":true}]}}