{"id":926,"date":"2023-10-20T11:08:02","date_gmt":"2023-10-20T14:08:02","guid":{"rendered":"https:\/\/vecinosdelinterior.com\/?p=926"},"modified":"2023-10-20T11:08:02","modified_gmt":"2023-10-20T14:08:02","slug":"informe-de-prensa-de-edesal-por-el-corte-general-en-villa-de-merlo","status":"publish","type":"post","link":"https:\/\/vecinosdelinterior.com\/index.php\/2023\/10\/20\/informe-de-prensa-de-edesal-por-el-corte-general-en-villa-de-merlo\/","title":{"rendered":"Informe de Prensa de Edesal por el corte general en Villa de Merlo"},"content":{"rendered":"\n<p><\/p>\n\n\n\n<p>A las 23:55 abre Estacion Tranformadora de Merlo. Se realizaron las verificaciones y se detect\u00f3 una falla en salida general de transformador. A las 03:15 se determin\u00f3 que la ET deb\u00eda quedar indisponible. Se realizaron maniobras para alimentar desde ET Santa Rosa y Carpinter\u00eda. A las 3:26 se alimenta zona centro de la ciudad y a las 3:50 la zona sur. Finalmente se alimenta zona avenida Del Sol a las 06:00.<\/p>\n\n\n\n<p>En una hora estar\u00e1 todo Merlo en servicio. Se repar\u00f3 equipo de protecci\u00f3n da\u00f1ado, ahora se inician maniobras de normalizaci\u00f3n<\/p>\n","protected":false},"excerpt":{"rendered":"<p>A las 23:55 abre Estacion Tranformadora de Merlo. Se realizaron las verificaciones y se detect\u00f3 una falla en salida general de transformador. A las 03:15 se determin\u00f3 que la ET deb\u00eda quedar indisponible. Se realizaron maniobras para alimentar desde ET Santa Rosa y Carpinter\u00eda. A las 3:26 se alimenta zona centro de la ciudad y [&hellip;]<\/p>\n","protected":false},"author":1,"featured_media":927,"comment_status":"open","ping_status":"open","sticky":false,"template":"","format":"standard","meta":{"footnotes":""},"categories":[23,73],"tags":[272,124],"class_list":["post-926","post","type-post","status-publish","format-standard","has-post-thumbnail","hentry","category-junin","category-merlo","tag-corte-de-luz","tag-merlo"],"_links":{"self":[{"href":"https:\/\/vecinosdelinterior.com\/index.php\/wp-json\/wp\/v2\/posts\/926","targetHints":{"allow":["GET"]}}],"collection":[{"href":"https:\/\/vecinosdelinterior.com\/index.php\/wp-json\/wp\/v2\/posts"}],"about":[{"href":"https:\/\/vecinosdelinterior.com\/index.php\/wp-json\/wp\/v2\/types\/post"}],"author":[{"embeddable":true,"href":"https:\/\/vecinosdelinterior.com\/index.php\/wp-json\/wp\/v2\/users\/1"}],"replies":[{"embeddable":true,"href":"https:\/\/vecinosdelinterior.com\/index.php\/wp-json\/wp\/v2\/comments?post=926"}],"version-history":[{"count":1,"href":"https:\/\/vecinosdelinterior.com\/index.php\/wp-json\/wp\/v2\/posts\/926\/revisions"}],"predecessor-version":[{"id":928,"href":"https:\/\/vecinosdelinterior.com\/index.php\/wp-json\/wp\/v2\/posts\/926\/revisions\/928"}],"wp:featuredmedia":[{"embeddable":true,"href":"https:\/\/vecinosdelinterior.com\/index.php\/wp-json\/wp\/v2\/media\/927"}],"wp:attachment":[{"href":"https:\/\/vecinosdelinterior.com\/index.php\/wp-json\/wp\/v2\/media?parent=926"}],"wp:term":[{"taxonomy":"category","embeddable":true,"href":"https:\/\/vecinosdelinterior.com\/index.php\/wp-json\/wp\/v2\/categories?post=926"},{"taxonomy":"post_tag","embeddable":true,"href":"https:\/\/vecinosdelinterior.com\/index.php\/wp-json\/wp\/v2\/tags?post=926"}],"curies":[{"name":"wp","href":"https:\/\/api.w.org\/{rel}","templated":true}]}}